{"id":11325,"date":"2019-12-05T11:47:44","date_gmt":"2019-12-05T11:47:44","guid":{"rendered":"https:\/\/www.vef.unizg.hr\/?p=11325"},"modified":"2019-12-06T08:58:28","modified_gmt":"2019-12-06T08:58:28","slug":"the-celebratory-session-of-the-faculty-council-of-the-faculty-of-veterinary-medicine-of-the-university-of-zagreb","status":"publish","type":"post","link":"https:\/\/www.vef.unizg.hr\/en\/news-release\/the-celebratory-session-of-the-faculty-council-of-the-faculty-of-veterinary-medicine-of-the-university-of-zagreb\/","title":{"rendered":"The Celebratory Session of the Faculty Council of the Faculty of Veterinary Medicine of the University of Zagreb"},"content":{"rendered":"<p>Two days after the Veterinary Faculty marked its 100<sup>th<\/sup> anniversary at the Westin Hotel, with many guests joining the celebration on the basis of their inter-institutional and international cooperation, along with our retired professors and active employees, students and veterinarians, who received their diplomas from this Faculty, the 100 years that have passed since the foundation and the beginning of the work of the Faculty were once again marked by a celebratory session of the Faculty Council, on 15<sup>th<\/sup> November 2019.\u00a0 This celebration took place for a smaller circle of guests, with our teaching staff, employees and students, retired professors and closest associates.\u00a0 The session was attended by Prof. Damir Boras, with the Vice-Rectors, Prof. Miljenko \u0160imprag and Prof. Mirjana Hru\u0161kar, a representative of the City of Zagreb, Ivan Matijevi\u0107, DVM, representatives of the Croatian Veterinary Chamber \u2013 the president, Ivan Forga\u010d, DVM and secretary Dr. An\u0111elko Ga\u0161par, academicians Josip Madi\u0107, \u017deljko Cvetni\u0107 and Dra\u017een Mati\u010di\u0107 and others.<\/p>\n<div id=\"gridzy-11325p1\" class=\"gridzy gridzyClassic gridzyAnimated\" data-gridzy-options=\"{&quot;desiredElementHeight&quot;:200,&quot;spaceBetweenElements&quot;:1}\" data-gridzy-photoswipe=\"true\"><a href=\"https:\/\/www.vef.unizg.hr\/wp-content\/uploads\/2019\/12\/DSC_3820.jpg\" style=\"border: 0; visibility: hidden; \" data-id=\"11242\" data-size=\"2000x1333\"><img decoding=\"async\" src=\"https:\/\/www.vef.unizg.hr\/wp-content\/uploads\/2019\/12\/DSC_3820-900x600.jpg\" alt=\"\" \/>\r\n<span>Dean Prof. Nenad Turk, DVM, PhD<\/span>\r\n<\/a><a href=\"https:\/\/www.vef.unizg.hr\/wp-content\/uploads\/2019\/12\/DSC_4177.jpg\" style=\"border: 0; visibility: hidden; \" data-id=\"11236\" data-size=\"2000x1332\"><img decoding=\"async\" src=\"https:\/\/www.vef.unizg.hr\/wp-content\/uploads\/2019\/12\/DSC_4177-901x600.jpg\" alt=\"\" \/>\r\n<span><\/span>\r\n<\/a><a href=\"https:\/\/www.vef.unizg.hr\/wp-content\/uploads\/2019\/12\/DSC_3918.jpg\" style=\"border: 0; visibility: hidden; \" data-id=\"11323\" data-size=\"1333x2000\"><img decoding=\"async\" src=\"https:\/\/www.vef.unizg.hr\/wp-content\/uploads\/2019\/12\/DSC_3918-400x600.jpg\" alt=\"\" \/>\r\n<span>Rector Prof. Damir Boras<\/span>\r\n<\/a><\/div>\n<p>In his introductory address, <strong>the Dean, Prof. Nenad Turk, DVM, PhD<\/strong> referred to the activities that took place in the past academic year. The 2018\/2019 academic year was marked by preparations for the 32<sup>nd<\/sup> Annual Assembly of EAEVE, held in Zagreb in May and organized by the Veterinary Faculty. There were also preparations for other activities which took place throughout the year to celebrate the 100<sup>th<\/sup> anniversary, scientific and professional events, exhibitions and concerts, and the main event \u2013 the celebration held on 13<sup>th<\/sup> November at the Westin Hotel.\u00a0 In addition, the Dean also spoke about teaching work, international cooperation, scientific research work, business and investments, and mentioned the special, redesigned edition of this year&#8217;s Yearbook (<em>Ljetopis<\/em>) which records these events, under the editorial eye of the new editor-in-chief, Prof. \u017deljko Pavi\u010di\u0107, DVM, PhD.<\/p>\n<div id=\"gridzy-11325p1-2\" class=\"gridzy gridzyClassic gridzyAnimated\" data-gridzy-options=\"{&quot;desiredElementHeight&quot;:200,&quot;spaceBetweenElements&quot;:1}\" data-gridzy-photoswipe=\"true\"><a href=\"https:\/\/www.vef.unizg.hr\/wp-content\/uploads\/2019\/12\/DSC_3797.jpg\" style=\"border: 0; visibility: hidden; \" data-id=\"11238\" data-size=\"2000x1332\"><img decoding=\"async\" src=\"https:\/\/www.vef.unizg.hr\/wp-content\/uploads\/2019\/12\/DSC_3797-901x600.jpg\" alt=\"\" \/>\r\n<span>Reviewers of the monografphy for the 100th anniversary<\/span>\r\n<\/a><a href=\"https:\/\/www.vef.unizg.hr\/wp-content\/uploads\/2019\/12\/DSC_3950.jpg\" style=\"border: 0; visibility: hidden; \" data-id=\"11326\" data-size=\"2000x1333\"><img decoding=\"async\" src=\"https:\/\/www.vef.unizg.hr\/wp-content\/uploads\/2019\/12\/DSC_3950-900x600.jpg\" alt=\"\" \/>\r\n<span>Certificate of appreciation to Prof. \u017deljko Pavi\u010di\u0107, DVM, PhD <\/span>\r\n<\/a><a href=\"https:\/\/www.vef.unizg.hr\/wp-content\/uploads\/2019\/12\/DSC_3960.jpg\" style=\"border: 0; visibility: hidden; \" data-id=\"11328\" data-size=\"2000x1333\"><img decoding=\"async\" src=\"https:\/\/www.vef.unizg.hr\/wp-content\/uploads\/2019\/12\/DSC_3960-900x600.jpg\" alt=\"\" \/>\r\n<span>certificate of appreciation to Prof. Kre\u0161imir Severin, DVM, PhD<\/span>\r\n<\/a><\/div>\n<p>The celebratory session, as well as a presentation of the monograph marking the 100th anniversary of the Veterinary Faculty, about which we present a separate article below, also included the presentation of awards and acknowledgements to our staff, students and associates.<\/p>\n<div id=\"gridzy-11325p1-3\" class=\"gridzy gridzyClassic gridzyAnimated\" data-gridzy-options=\"{&quot;desiredElementHeight&quot;:200,&quot;spaceBetweenElements&quot;:1}\" data-gridzy-photoswipe=\"true\"><a href=\"https:\/\/www.vef.unizg.hr\/wp-content\/uploads\/2019\/12\/DSC_3989.jpg\" style=\"border: 0; visibility: hidden; \" data-id=\"11246\" data-size=\"2000x1333\"><img decoding=\"async\" src=\"https:\/\/www.vef.unizg.hr\/wp-content\/uploads\/2019\/12\/DSC_3989-900x600.jpg\" alt=\"\" \/>\r\n<span>Award for science for<\/span>\r\n<\/a><a href=\"https:\/\/www.vef.unizg.hr\/wp-content\/uploads\/2019\/12\/DSC_3982.jpg\" style=\"border: 0; visibility: hidden; \" data-id=\"11244\" data-size=\"2000x1333\"><img decoding=\"async\" src=\"https:\/\/www.vef.unizg.hr\/wp-content\/uploads\/2019\/12\/DSC_3982-900x600.jpg\" alt=\"\" \/>\r\n<span>Award for science for Prof. Vladimir Mrljak, DVM, PhD <\/span>\r\n<\/a><a href=\"https:\/\/www.vef.unizg.hr\/wp-content\/uploads\/2019\/12\/DSC_3846.jpg\" style=\"border: 0; visibility: hidden; \" data-id=\"11330\" data-size=\"2000x1333\"><img decoding=\"async\" src=\"https:\/\/www.vef.unizg.hr\/wp-content\/uploads\/2019\/12\/DSC_3846-900x600.jpg\" alt=\"\" \/>\r\n<span><\/span>\r\n<\/a><\/div>\n<p>First of all awards for science were presented by the Dean and the Vice-Dean for science, postgraduate studies and life-long learning, associate professor Dean Konjevi\u0107, DVM, PhD. This year they were received by <strong>Prof. Vladimir Mrljak, DVM, PhD<\/strong> for his overall contribution to the scientific research work of the Faculty, and <strong>Prof. Tajana Trbojevi\u0107 Vuki\u010devi\u0107, DVM, PhD<\/strong> for her paper published in the journal <em>Cell<\/em>.<\/p>\n<div id=\"gridzy-11325p1-4\" class=\"gridzy gridzyClassic gridzyAnimated\" data-gridzy-options=\"{&quot;desiredElementHeight&quot;:200,&quot;spaceBetweenElements&quot;:1}\" data-gridzy-photoswipe=\"true\"><a href=\"https:\/\/www.vef.unizg.hr\/wp-content\/uploads\/2019\/12\/DSC_4009.jpg\" style=\"border: 0; visibility: hidden; \" data-id=\"11250\" data-size=\"2000x1333\"><img decoding=\"async\" src=\"https:\/\/www.vef.unizg.hr\/wp-content\/uploads\/2019\/12\/DSC_4009-900x600.jpg\" alt=\"\" \/>\r\n<span>Prof. Kristina Matkovi\u0107<\/span>\r\n<\/a><a href=\"https:\/\/www.vef.unizg.hr\/wp-content\/uploads\/2019\/12\/DSC_4006.jpg\" style=\"border: 0; visibility: hidden; \" data-id=\"11252\" data-size=\"2000x1333\"><img decoding=\"async\" src=\"https:\/\/www.vef.unizg.hr\/wp-content\/uploads\/2019\/12\/DSC_4006-900x600.jpg\" alt=\"\" \/>\r\n<span>Certificate of appreciation to the <\/span>\r\n<\/a><a href=\"https:\/\/www.vef.unizg.hr\/wp-content\/uploads\/2019\/12\/DSC_4015.jpg\" style=\"border: 0; visibility: hidden; \" data-id=\"11254\" data-size=\"2000x1333\"><img decoding=\"async\" src=\"https:\/\/www.vef.unizg.hr\/wp-content\/uploads\/2019\/12\/DSC_4015-900x600.jpg\" alt=\"\" \/>\r\n<span>Certificate of appreciation to the<\/span>\r\n<\/a><\/div>\n<p>The leader of the Academic Choir of the Veterinary Faculty, <em>Ab ovo,<\/em> Prof. Dr. Sc. Kristina Matkovi\u0107, announced the award of certificates of appreciation, awarded posthumously to the prematurely deceased <strong>Assoc. Prof. Hrvoje Luci\u0107, DVM, PhD<\/strong>, the founder and leader of the strings and wind orchestra of the Veterinary Faculty, for encouraging and promoting the cultural and artistic activities of students and employees, and to the conductor <strong>Maestro Josip degl\u2019 Ivellio<\/strong>.<\/p>\n<div id=\"gridzy-11325p1-5\" class=\"gridzy gridzyClassic gridzyAnimated\" data-gridzy-options=\"{&quot;desiredElementHeight&quot;:200,&quot;spaceBetweenElements&quot;:1}\" data-gridzy-photoswipe=\"true\"><a href=\"https:\/\/www.vef.unizg.hr\/wp-content\/uploads\/2019\/12\/DSC_4026.jpg\" style=\"border: 0; visibility: hidden; \" data-id=\"11256\" data-size=\"2000x1333\"><img decoding=\"async\" src=\"https:\/\/www.vef.unizg.hr\/wp-content\/uploads\/2019\/12\/DSC_4026-900x600.jpg\" alt=\"\" \/>\r\n<span>Certificate of appreciation to Prof. Nora Mas, DVM, PhD<\/span>\r\n<\/a><a href=\"https:\/\/www.vef.unizg.hr\/wp-content\/uploads\/2019\/12\/DSC_4033.jpg\" style=\"border: 0; visibility: hidden; \" data-id=\"11258\" data-size=\"2000x1333\"><img decoding=\"async\" src=\"https:\/\/www.vef.unizg.hr\/wp-content\/uploads\/2019\/12\/DSC_4033-900x600.jpg\" alt=\"\" \/>\r\n<span>Certificate of appreciation to the Prof. Bela Njari, DVM, PhD<\/span>\r\n<\/a><a href=\"https:\/\/www.vef.unizg.hr\/wp-content\/uploads\/2019\/12\/DSC_3828.jpg\" style=\"border: 0; visibility: hidden; \" data-id=\"11260\" data-size=\"2000x1333\"><img decoding=\"async\" src=\"https:\/\/www.vef.unizg.hr\/wp-content\/uploads\/2019\/12\/DSC_3828-900x600.jpg\" alt=\"\" \/>\r\n<span>Vice-Deans Dean Konjevi\u0107, Ivana Tlak Gajger and Juraj Grizelj<\/span>\r\n<\/a><\/div>\n<p>As every year, retired employees were presented with certificates of appreciation for their many years&#8217; work.\u00a0 The Dean and the Vice-Dean for human resources, organization and management, Prof. Ljubo Barbi\u0107, DVM, PhD, presented these certificates to <strong>Prof. Nora Mas, DVM, PhD<\/strong> and <strong>Prof. Bela Njari, DVM, PhD<\/strong>.<\/p>\n<div id=\"gridzy-11325p1-6\" class=\"gridzy gridzyClassic gridzyAnimated\" data-gridzy-options=\"{&quot;desiredElementHeight&quot;:200,&quot;spaceBetweenElements&quot;:1}\" data-gridzy-photoswipe=\"true\"><a href=\"https:\/\/www.vef.unizg.hr\/wp-content\/uploads\/2019\/12\/DSC_4043.jpg\" style=\"border: 0; visibility: hidden; \" data-id=\"11262\" data-size=\"2000x1333\"><img decoding=\"async\" src=\"https:\/\/www.vef.unizg.hr\/wp-content\/uploads\/2019\/12\/DSC_4043-900x600.jpg\" alt=\"\" \/>\r\n<span>Certificate of appreciation to Prof. Alen Slavica, DVM, PhD<\/span>\r\n<\/a><a href=\"https:\/\/www.vef.unizg.hr\/wp-content\/uploads\/2019\/12\/DSC_4049.jpg\" style=\"border: 0; visibility: hidden; \" data-id=\"11264\" data-size=\"2000x1333\"><img decoding=\"async\" src=\"https:\/\/www.vef.unizg.hr\/wp-content\/uploads\/2019\/12\/DSC_4049-900x600.jpg\" alt=\"\" \/>\r\n<span>Certificate of appreciation to Assoc. Prof. Zoran Vrbanac, DVM, PhD<\/span>\r\n<\/a><a href=\"https:\/\/www.vef.unizg.hr\/wp-content\/uploads\/2019\/12\/DSC_4064.jpg\" style=\"border: 0; visibility: hidden; \" data-id=\"11266\" data-size=\"2000x1333\"><img decoding=\"async\" src=\"https:\/\/www.vef.unizg.hr\/wp-content\/uploads\/2019\/12\/DSC_4064-900x600.jpg\" alt=\"\" \/>\r\n<span>Certificate of appreciation to Vera Zrili\u0107, dipl. ing.<\/span>\r\n<\/a><a href=\"https:\/\/www.vef.unizg.hr\/wp-content\/uploads\/2019\/12\/DSC_4080.jpg\" style=\"border: 0; visibility: hidden; \" data-id=\"11268\" data-size=\"2000x1333\"><img decoding=\"async\" src=\"https:\/\/www.vef.unizg.hr\/wp-content\/uploads\/2019\/12\/DSC_4080-900x600.jpg\" alt=\"\" \/>\r\n<span>Certificate of appreciation to Silvija \u010culig<\/span>\r\n<\/a><a href=\"https:\/\/www.vef.unizg.hr\/wp-content\/uploads\/2019\/12\/DSC_4104.jpg\" style=\"border: 0; visibility: hidden; \" data-id=\"11270\" data-size=\"2000x1333\"><img decoding=\"async\" src=\"https:\/\/www.vef.unizg.hr\/wp-content\/uploads\/2019\/12\/DSC_4104-900x600.jpg\" alt=\"\" \/>\r\n<span>Certificate of appreciation to An\u0111elko Slavi\u010dek<\/span>\r\n<\/a><a href=\"https:\/\/www.vef.unizg.hr\/wp-content\/uploads\/2019\/12\/DSC_4088.jpg\" style=\"border: 0; visibility: hidden; \" data-id=\"11272\" data-size=\"2000x1333\"><img decoding=\"async\" src=\"https:\/\/www.vef.unizg.hr\/wp-content\/uploads\/2019\/12\/DSC_4088-900x600.jpg\" alt=\"\" \/>\r\n<span>Certificate of appreciation to \u017deljko Klap\u010di\u0107<\/span>\r\n<\/a><\/div>\n<p>Awards were also presented this year to prominent employees, both former and current, and our most faithful associates. <strong>Prof. Alen Slavica, DVM, PhD<\/strong> received an award for organizing the 32nd Annual Assembly of EAEVE, <strong>Assis. Prof. Zoran Vrbanac, DVM, PhD<\/strong> also received one for organizing the celebration of the 100th anniversary, the head of the Accounting and Finance Department, <strong>Silvija \u010culig, <\/strong>received an award for her outstanding work, along with an employee in the Maintenance and Technical Department, <strong>An\u0111elko Slavi\u010dek<\/strong>. On the occasion of the 100<sup>th<\/sup> anniversary, a certificate of appreciation was presented to the head of the Office for Integrated Studies, <strong>Vera Zrili\u0107, dipl. ing,<\/strong> now retired, and the manager of the student restaurant for many years, <strong>\u017deljko Klap\u010di\u0107<\/strong>. The editor of Veterina portal, <strong>Zoran Juginovi\u0107, DVM.<\/strong> received a certificate of appreciation for his work and presentation of the Faculty in the media, and <strong>Alen Brege\u0161, DVM<\/strong> received a certificate of appreciation for many years of successful cooperation and his participation in marking the 100<sup>th<\/sup> anniversary.<\/p>\n<div id=\"gridzy-11325p1-7\" class=\"gridzy gridzyClassic gridzyAnimated\" data-gridzy-options=\"{&quot;desiredElementHeight&quot;:200,&quot;spaceBetweenElements&quot;:1}\" data-gridzy-photoswipe=\"true\"><a href=\"https:\/\/www.vef.unizg.hr\/wp-content\/uploads\/2019\/12\/DSC_4115.jpg\" style=\"border: 0; visibility: hidden; \" data-id=\"11274\" data-size=\"2000x1333\"><img decoding=\"async\" src=\"https:\/\/www.vef.unizg.hr\/wp-content\/uploads\/2019\/12\/DSC_4115-900x600.jpg\" alt=\"\" \/>\r\n<span>Mihaela Vranje\u0161 - Dean's Award<\/span>\r\n<\/a><a href=\"https:\/\/www.vef.unizg.hr\/wp-content\/uploads\/2019\/12\/DSC_4117.jpg\" style=\"border: 0; visibility: hidden; \" data-id=\"11276\" data-size=\"2000x1333\"><img decoding=\"async\" src=\"https:\/\/www.vef.unizg.hr\/wp-content\/uploads\/2019\/12\/DSC_4117-900x600.jpg\" alt=\"\" \/>\r\n<span>Student Mihovil Matkovi\u0107<\/span>\r\n<\/a><a href=\"https:\/\/www.vef.unizg.hr\/wp-content\/uploads\/2019\/12\/DSC_4122.jpg\" style=\"border: 0; visibility: hidden; \" data-id=\"11278\" data-size=\"2000x1333\"><img decoding=\"async\" src=\"https:\/\/www.vef.unizg.hr\/wp-content\/uploads\/2019\/12\/DSC_4122-900x600.jpg\" alt=\"\" \/>\r\n<span>Student Nikola Serdar<\/span>\r\n<\/a><a href=\"https:\/\/www.vef.unizg.hr\/wp-content\/uploads\/2019\/12\/DSC_4125.jpg\" style=\"border: 0; visibility: hidden; \" data-id=\"11280\" data-size=\"2000x1333\"><img decoding=\"async\" src=\"https:\/\/www.vef.unizg.hr\/wp-content\/uploads\/2019\/12\/DSC_4125-900x600.jpg\" alt=\"\" \/>\r\n<span>Student Sanja Mofardin<\/span>\r\n<\/a><a href=\"https:\/\/www.vef.unizg.hr\/wp-content\/uploads\/2019\/12\/DSC_4128.jpg\" style=\"border: 0; visibility: hidden; \" data-id=\"11282\" data-size=\"2000x1333\"><img decoding=\"async\" src=\"https:\/\/www.vef.unizg.hr\/wp-content\/uploads\/2019\/12\/DSC_4128-900x600.jpg\" alt=\"\" \/>\r\n<span>Student Lana Zovko<\/span>\r\n<\/a><a href=\"https:\/\/www.vef.unizg.hr\/wp-content\/uploads\/2019\/12\/DSC_4131.jpg\" style=\"border: 0; visibility: hidden; \" data-id=\"11284\" data-size=\"2000x1333\"><img decoding=\"async\" src=\"https:\/\/www.vef.unizg.hr\/wp-content\/uploads\/2019\/12\/DSC_4131-900x600.jpg\" alt=\"\" \/>\r\n<span>Student Iva Ba\u010di\u0107<\/span>\r\n<\/a><\/div>\n<p>Students received awards from the Dean and the Vice-Dean for integrated studies, Assoc. Prof. Andrea Gudan Kurilj, DVM, PhD and Prof. Juraj Grizelj, DVM, PhD. The Dean&#8217;s Award was presented to the 5<sup>th<\/sup> year student <strong>Mihaela Vranje\u0161<\/strong>. The following students received awards for the best grade average: for the first year <strong>Mihovil Matkovi\u0107<\/strong> with the highest average, 5.0, for the second year, <strong>Nikola Serdar<\/strong>, for the third year, <strong>Sanja Mofardin<\/strong>, for the fourth year,<strong> Lana Zovko<\/strong>, for the fifth year, <strong>Iva Ba\u010di\u0107<\/strong> and for the sixth year, <strong>Ivana Filip\u010di\u0107<\/strong>.<\/p>\n<div id=\"gridzy-11325p1-8\" class=\"gridzy gridzyClassic gridzyAnimated\" data-gridzy-options=\"{&quot;desiredElementHeight&quot;:200,&quot;spaceBetweenElements&quot;:1}\" data-gridzy-photoswipe=\"true\"><a href=\"https:\/\/www.vef.unizg.hr\/wp-content\/uploads\/2019\/12\/DSC_4139.jpg\" style=\"border: 0; visibility: hidden; \" data-id=\"11290\" data-size=\"2000x1333\"><img decoding=\"async\" src=\"https:\/\/www.vef.unizg.hr\/wp-content\/uploads\/2019\/12\/DSC_4139-900x600.jpg\" alt=\"\" \/>\r\n<span>Student Abigail Plan\u00e7on<\/span>\r\n<\/a><a href=\"https:\/\/www.vef.unizg.hr\/wp-content\/uploads\/2019\/12\/DSC_4141.jpg\" style=\"border: 0; visibility: hidden; \" data-id=\"11294\" data-size=\"2000x1333\"><img decoding=\"async\" src=\"https:\/\/www.vef.unizg.hr\/wp-content\/uploads\/2019\/12\/DSC_4141-900x600.jpg\" alt=\"\" \/>\r\n<span>Student Elise Farah<\/span>\r\n<\/a><a href=\"https:\/\/www.vef.unizg.hr\/wp-content\/uploads\/2019\/12\/DSC_4148-1.jpg\" style=\"border: 0; visibility: hidden; \" data-id=\"11298\" data-size=\"2000x1333\"><img decoding=\"async\" src=\"https:\/\/www.vef.unizg.hr\/wp-content\/uploads\/2019\/12\/DSC_4148-1-900x600.jpg\" alt=\"\" \/>\r\n<span>Student Juliette Alexandra Magoga<\/span>\r\n<\/a><\/div>\n<p>The best students on the course in veterinary medicine in English in the past year were the French students: the first year student <strong>Abigail Plan\u00e7on<\/strong>, the second year student, <strong>Elise Farah<\/strong> and the third year student <strong>Juliette Alexandra Magoga<\/strong>.<\/p>\n<div id=\"gridzy-11325p1-9\" class=\"gridzy gridzyClassic gridzyAnimated\" data-gridzy-options=\"{&quot;desiredElementHeight&quot;:200,&quot;spaceBetweenElements&quot;:1}\" data-gridzy-photoswipe=\"true\"><a href=\"https:\/\/www.vef.unizg.hr\/wp-content\/uploads\/2019\/12\/DSC_4152.jpg\" style=\"border: 0; visibility: hidden; \" data-id=\"11300\" data-size=\"2000x1333\"><img decoding=\"async\" src=\"https:\/\/www.vef.unizg.hr\/wp-content\/uploads\/2019\/12\/DSC_4152-900x600.jpg\" alt=\"\" \/>\r\n<span>Certificate of appreciation to Student's Union - student Petra Verzak<\/span>\r\n<\/a><a href=\"https:\/\/www.vef.unizg.hr\/wp-content\/uploads\/2019\/12\/DSC_4155.jpg\" style=\"border: 0; visibility: hidden; \" data-id=\"11302\" data-size=\"2000x1333\"><img decoding=\"async\" src=\"https:\/\/www.vef.unizg.hr\/wp-content\/uploads\/2019\/12\/DSC_4155-900x600.jpg\" alt=\"\" \/>\r\n<span>Certificate of appreciation to Equus - student Jasna Kusanovi\u0107<\/span>\r\n<\/a><\/div>\n<div id=\"gridzy-11325p1-10\" class=\"gridzy gridzyClassic gridzyAnimated\" data-gridzy-options=\"{&quot;desiredElementHeight&quot;:200,&quot;spaceBetweenElements&quot;:1}\" data-gridzy-photoswipe=\"true\"><a href=\"https:\/\/www.vef.unizg.hr\/wp-content\/uploads\/2019\/12\/DSC_4159.jpg\" style=\"border: 0; visibility: hidden; \" data-id=\"11304\" data-size=\"2000x1333\"><img decoding=\"async\" src=\"https:\/\/www.vef.unizg.hr\/wp-content\/uploads\/2019\/12\/DSC_4159-900x600.jpg\" alt=\"\" \/>\r\n<span>Certificate of appreciation to IVSA Croatia - student Morana \u0160\u0107uric<\/span>\r\n<\/a><a href=\"https:\/\/www.vef.unizg.hr\/wp-content\/uploads\/2019\/12\/DSC_4163.jpg\" style=\"border: 0; visibility: hidden; \" data-id=\"11306\" data-size=\"2000x1333\"><img decoding=\"async\" src=\"https:\/\/www.vef.unizg.hr\/wp-content\/uploads\/2019\/12\/DSC_4163-900x600.jpg\" alt=\"\" \/>\r\n<span>Certificate of appreciation to Vet Society - student Olivia Kaloyianni<\/span>\r\n<\/a><\/div>\n<p>The certificates of appreciation were presented to the student\u2019s organization: IVSA Croatia, Equus, Student Union and Vet Society.<\/p>\n<div id=\"gridzy-11325p1-11\" class=\"gridzy gridzyClassic gridzyAnimated\" data-gridzy-options=\"{&quot;desiredElementHeight&quot;:200,&quot;spaceBetweenElements&quot;:1}\" data-gridzy-photoswipe=\"true\"><a href=\"https:\/\/www.vef.unizg.hr\/wp-content\/uploads\/2019\/12\/DSC_4175.jpg\" style=\"border: 0; visibility: hidden; \" data-id=\"11318\" data-size=\"2000x1333\"><img decoding=\"async\" src=\"https:\/\/www.vef.unizg.hr\/wp-content\/uploads\/2019\/12\/DSC_4175-900x600.jpg\" alt=\"\" \/>\r\n<span>Iva Benvin, dobitnica Generine nov\u010dane nagrade s Vanjom Matija\u0161evi\u0107, prof.<\/span>\r\n<\/a><a href=\"https:\/\/www.vef.unizg.hr\/wp-content\/uploads\/2019\/12\/DSC_4171.jpg\" style=\"border: 0; visibility: hidden; \" data-id=\"11314\" data-size=\"2000x1333\"><img decoding=\"async\" src=\"https:\/\/www.vef.unizg.hr\/wp-content\/uploads\/2019\/12\/DSC_4171-900x600.jpg\" alt=\"\" \/>\r\n<span>Student Antea Ra\u010dki<\/span>\r\n<\/a><a href=\"https:\/\/www.vef.unizg.hr\/wp-content\/uploads\/2019\/12\/DSC_4169.jpg\" style=\"border: 0; visibility: hidden; \" data-id=\"11312\" data-size=\"2000x1333\"><img decoding=\"async\" src=\"https:\/\/www.vef.unizg.hr\/wp-content\/uploads\/2019\/12\/DSC_4169-900x600.jpg\" alt=\"\" \/>\r\n<span>Student Katja Mo\u010dibob<\/span>\r\n<\/a><\/div>\n<p>Genera d.d., a company that has encouraged our students for many years with scholarships and cash prizes, again awarded excellent students with prizes this year. Prof. Vanja Matija\u0161evi\u0107, presented a cash prize on behalf of the company to <strong>Iva Benvin<\/strong>, and <strong>Katja Mo\u010dibob<\/strong> and <strong>Antea Ra\u010dki<\/strong> received scholarships.<\/p>\n<p>A new promotional film by Alen Brege\u0161, DVM, was also shown at the celebratory session, presenting the first century in the history of the Faculty through the changing scenes of the past and present.\u00a0 We also had the opportunity to hear a sincere video message of congratulations by the Rector of the Veterinary University in Vienna, Ao. Univ. Prof. Dr. Petra Winter. The session was further enriched by music from video recordings of the Academic Choir <em>Ab ovo<\/em> and a performance by the music academy student, Mia Reba, accompanied on the guitar by the student, Filip Sekere\u0161.<\/p>\n<p>&nbsp;<\/p>\n<p>&nbsp;<\/p>\n<p>&nbsp;<\/p>\n","protected":false},"excerpt":{"rendered":"<p>Two days after the Veterinary Faculty marked its 100th anniversary at the Westin Hotel, with many guests joining the celebration on the basis of their inter-institutional and international cooperation, along with our retired professors and active employees, students and veterinarians, who received their diplomas from this Faculty, the 100 years that have passed since the&#8230;<\/p>\n","protected":false},"author":12,"featured_media":11298,"comment_status":"open","ping_status":"open","sticky":false,"template":"","format":"standard","meta":{"_acf_changed":false,"footnotes":""},"categories":[315],"tags":[],"class_list":["post-11325","post","type-post","status-publish","format-standard","has-post-thumbnail","hentry","category-news-release"],"acf":[],"yoast_head":"<!-- This site is optimized with the Yoast SEO plugin v27.4 - https:\/\/yoast.com\/product\/yoast-seo-wordpress\/ -->\n<title>The Celebratory Session of the Faculty Council of the Faculty of Veterinary Medicine of the University of Zagreb - Veterinarski fakultet<\/title>\n<meta name=\"robots\" content=\"index, follow, max-snippet:-1, max-image-preview:large, max-video-preview:-1\" \/>\n<link rel=\"canonical\" href=\"https:\/\/www.vef.unizg.hr\/en\/news-release\/the-celebratory-session-of-the-faculty-council-of-the-faculty-of-veterinary-medicine-of-the-university-of-zagreb\/\" \/>\n<meta property=\"og:locale\" content=\"en_US\" \/>\n<meta property=\"og:type\" content=\"article\" \/>\n<meta property=\"og:title\" content=\"The Celebratory Session of the Faculty Council of the Faculty of Veterinary Medicine of the University of Zagreb - Veterinarski fakultet\" \/>\n<meta property=\"og:description\" content=\"Two days after the Veterinary Faculty marked its 100th anniversary at the Westin Hotel, with many guests joining the celebration on the basis of their inter-institutional and international cooperation, along with our retired professors and active employees, students and veterinarians, who received their diplomas from this Faculty, the 100 years that have passed since the...\" \/>\n<meta property=\"og:url\" content=\"https:\/\/www.vef.unizg.hr\/en\/news-release\/the-celebratory-session-of-the-faculty-council-of-the-faculty-of-veterinary-medicine-of-the-university-of-zagreb\/\" \/>\n<meta property=\"og:site_name\" content=\"Veterinarski fakultet\" \/>\n<meta property=\"article:publisher\" content=\"https:\/\/www.facebook.com\/veterinarski.fakultet.zagreb\/\" \/>\n<meta property=\"article:published_time\" content=\"2019-12-05T11:47:44+00:00\" \/>\n<meta property=\"article:modified_time\" content=\"2019-12-06T08:58:28+00:00\" \/>\n<meta property=\"og:image\" content=\"https:\/\/www.vef.unizg.hr\/wp-content\/uploads\/2019\/12\/DSC_4148-1.jpg\" \/>\n\t<meta property=\"og:image:width\" content=\"2000\" \/>\n\t<meta property=\"og:image:height\" content=\"1333\" \/>\n\t<meta property=\"og:image:type\" content=\"image\/jpeg\" \/>\n<meta name=\"author\" content=\"\u017deljana Klje\u010danin\" \/>\n<meta name=\"twitter:card\" content=\"summary_large_image\" \/>\n<meta name=\"twitter:label1\" content=\"Written by\" \/>\n\t<meta name=\"twitter:data1\" content=\"\u017deljana Klje\u010danin\" \/>\n\t<meta name=\"twitter:label2\" content=\"Est. reading time\" \/>\n\t<meta name=\"twitter:data2\" content=\"5 minutes\" \/>\n<script type=\"application\/ld+json\" class=\"yoast-schema-graph\">{\"@context\":\"https:\\\/\\\/schema.org\",\"@graph\":[{\"@type\":\"Article\",\"@id\":\"https:\\\/\\\/www.vef.unizg.hr\\\/en\\\/news-release\\\/the-celebratory-session-of-the-faculty-council-of-the-faculty-of-veterinary-medicine-of-the-university-of-zagreb\\\/#article\",\"isPartOf\":{\"@id\":\"https:\\\/\\\/www.vef.unizg.hr\\\/en\\\/news-release\\\/the-celebratory-session-of-the-faculty-council-of-the-faculty-of-veterinary-medicine-of-the-university-of-zagreb\\\/\"},\"author\":{\"name\":\"\u017deljana Klje\u010danin\",\"@id\":\"https:\\\/\\\/www.vef.unizg.hr\\\/#\\\/schema\\\/person\\\/89a72d30bedee69033370b5b936151a3\"},\"headline\":\"The Celebratory Session of the Faculty Council of the Faculty of Veterinary Medicine of the University of Zagreb\",\"datePublished\":\"2019-12-05T11:47:44+00:00\",\"dateModified\":\"2019-12-06T08:58:28+00:00\",\"mainEntityOfPage\":{\"@id\":\"https:\\\/\\\/www.vef.unizg.hr\\\/en\\\/news-release\\\/the-celebratory-session-of-the-faculty-council-of-the-faculty-of-veterinary-medicine-of-the-university-of-zagreb\\\/\"},\"wordCount\":1029,\"commentCount\":0,\"publisher\":{\"@id\":\"https:\\\/\\\/www.vef.unizg.hr\\\/#organization\"},\"image\":{\"@id\":\"https:\\\/\\\/www.vef.unizg.hr\\\/en\\\/news-release\\\/the-celebratory-session-of-the-faculty-council-of-the-faculty-of-veterinary-medicine-of-the-university-of-zagreb\\\/#primaryimage\"},\"thumbnailUrl\":\"https:\\\/\\\/www.vef.unizg.hr\\\/wp-content\\\/uploads\\\/2019\\\/12\\\/DSC_4148-1.jpg\",\"articleSection\":[\"News release\"],\"inLanguage\":\"en-US\",\"potentialAction\":[{\"@type\":\"CommentAction\",\"name\":\"Comment\",\"target\":[\"https:\\\/\\\/www.vef.unizg.hr\\\/en\\\/news-release\\\/the-celebratory-session-of-the-faculty-council-of-the-faculty-of-veterinary-medicine-of-the-university-of-zagreb\\\/#respond\"]}]},{\"@type\":\"WebPage\",\"@id\":\"https:\\\/\\\/www.vef.unizg.hr\\\/en\\\/news-release\\\/the-celebratory-session-of-the-faculty-council-of-the-faculty-of-veterinary-medicine-of-the-university-of-zagreb\\\/\",\"url\":\"https:\\\/\\\/www.vef.unizg.hr\\\/en\\\/news-release\\\/the-celebratory-session-of-the-faculty-council-of-the-faculty-of-veterinary-medicine-of-the-university-of-zagreb\\\/\",\"name\":\"The Celebratory Session of the Faculty Council of the Faculty of Veterinary Medicine of the University of Zagreb - Veterinarski fakultet\",\"isPartOf\":{\"@id\":\"https:\\\/\\\/www.vef.unizg.hr\\\/#website\"},\"primaryImageOfPage\":{\"@id\":\"https:\\\/\\\/www.vef.unizg.hr\\\/en\\\/news-release\\\/the-celebratory-session-of-the-faculty-council-of-the-faculty-of-veterinary-medicine-of-the-university-of-zagreb\\\/#primaryimage\"},\"image\":{\"@id\":\"https:\\\/\\\/www.vef.unizg.hr\\\/en\\\/news-release\\\/the-celebratory-session-of-the-faculty-council-of-the-faculty-of-veterinary-medicine-of-the-university-of-zagreb\\\/#primaryimage\"},\"thumbnailUrl\":\"https:\\\/\\\/www.vef.unizg.hr\\\/wp-content\\\/uploads\\\/2019\\\/12\\\/DSC_4148-1.jpg\",\"datePublished\":\"2019-12-05T11:47:44+00:00\",\"dateModified\":\"2019-12-06T08:58:28+00:00\",\"breadcrumb\":{\"@id\":\"https:\\\/\\\/www.vef.unizg.hr\\\/en\\\/news-release\\\/the-celebratory-session-of-the-faculty-council-of-the-faculty-of-veterinary-medicine-of-the-university-of-zagreb\\\/#breadcrumb\"},\"inLanguage\":\"en-US\",\"potentialAction\":[{\"@type\":\"ReadAction\",\"target\":[\"https:\\\/\\\/www.vef.unizg.hr\\\/en\\\/news-release\\\/the-celebratory-session-of-the-faculty-council-of-the-faculty-of-veterinary-medicine-of-the-university-of-zagreb\\\/\"]}]},{\"@type\":\"ImageObject\",\"inLanguage\":\"en-US\",\"@id\":\"https:\\\/\\\/www.vef.unizg.hr\\\/en\\\/news-release\\\/the-celebratory-session-of-the-faculty-council-of-the-faculty-of-veterinary-medicine-of-the-university-of-zagreb\\\/#primaryimage\",\"url\":\"https:\\\/\\\/www.vef.unizg.hr\\\/wp-content\\\/uploads\\\/2019\\\/12\\\/DSC_4148-1.jpg\",\"contentUrl\":\"https:\\\/\\\/www.vef.unizg.hr\\\/wp-content\\\/uploads\\\/2019\\\/12\\\/DSC_4148-1.jpg\",\"width\":2000,\"height\":1333,\"caption\":\"Student Juliette Alexandra Magoga\"},{\"@type\":\"BreadcrumbList\",\"@id\":\"https:\\\/\\\/www.vef.unizg.hr\\\/en\\\/news-release\\\/the-celebratory-session-of-the-faculty-council-of-the-faculty-of-veterinary-medicine-of-the-university-of-zagreb\\\/#breadcrumb\",\"itemListElement\":[{\"@type\":\"ListItem\",\"position\":1,\"name\":\"Home\",\"item\":\"https:\\\/\\\/www.vef.unizg.hr\\\/en\\\/\"},{\"@type\":\"ListItem\",\"position\":2,\"name\":\"The Celebratory Session of the Faculty Council of the Faculty of Veterinary Medicine of the University of Zagreb\"}]},{\"@type\":\"WebSite\",\"@id\":\"https:\\\/\\\/www.vef.unizg.hr\\\/#website\",\"url\":\"https:\\\/\\\/www.vef.unizg.hr\\\/\",\"name\":\"Veterinarski fakultet\",\"description\":\"Veterinarski fakultet\",\"publisher\":{\"@id\":\"https:\\\/\\\/www.vef.unizg.hr\\\/#organization\"},\"potentialAction\":[{\"@type\":\"SearchAction\",\"target\":{\"@type\":\"EntryPoint\",\"urlTemplate\":\"https:\\\/\\\/www.vef.unizg.hr\\\/?s={search_term_string}\"},\"query-input\":{\"@type\":\"PropertyValueSpecification\",\"valueRequired\":true,\"valueName\":\"search_term_string\"}}],\"inLanguage\":\"en-US\"},{\"@type\":\"Organization\",\"@id\":\"https:\\\/\\\/www.vef.unizg.hr\\\/#organization\",\"name\":\"Veterinarski fakultet\",\"url\":\"https:\\\/\\\/www.vef.unizg.hr\\\/\",\"logo\":{\"@type\":\"ImageObject\",\"inLanguage\":\"en-US\",\"@id\":\"https:\\\/\\\/www.vef.unizg.hr\\\/#\\\/schema\\\/logo\\\/image\\\/\",\"url\":\"https:\\\/\\\/www.vef.unizg.hr\\\/wp-content\\\/uploads\\\/2019\\\/01\\\/vef-logo.png\",\"contentUrl\":\"https:\\\/\\\/www.vef.unizg.hr\\\/wp-content\\\/uploads\\\/2019\\\/01\\\/vef-logo.png\",\"width\":231,\"height\":231,\"caption\":\"Veterinarski fakultet\"},\"image\":{\"@id\":\"https:\\\/\\\/www.vef.unizg.hr\\\/#\\\/schema\\\/logo\\\/image\\\/\"},\"sameAs\":[\"https:\\\/\\\/www.facebook.com\\\/veterinarski.fakultet.zagreb\\\/\",\"https:\\\/\\\/www.instagram.com\\\/vef.unizg\"]},{\"@type\":\"Person\",\"@id\":\"https:\\\/\\\/www.vef.unizg.hr\\\/#\\\/schema\\\/person\\\/89a72d30bedee69033370b5b936151a3\",\"name\":\"\u017deljana Klje\u010danin\",\"image\":{\"@type\":\"ImageObject\",\"inLanguage\":\"en-US\",\"@id\":\"https:\\\/\\\/secure.gravatar.com\\\/avatar\\\/750e19469ddc2bd288c23415fc1e94c5b6b946854794ae412b22ddfca0aa75d5?s=96&d=mm&r=g\",\"url\":\"https:\\\/\\\/secure.gravatar.com\\\/avatar\\\/750e19469ddc2bd288c23415fc1e94c5b6b946854794ae412b22ddfca0aa75d5?s=96&d=mm&r=g\",\"contentUrl\":\"https:\\\/\\\/secure.gravatar.com\\\/avatar\\\/750e19469ddc2bd288c23415fc1e94c5b6b946854794ae412b22ddfca0aa75d5?s=96&d=mm&r=g\",\"caption\":\"\u017deljana Klje\u010danin\"}}]}<\/script>\n<!-- \/ Yoast SEO plugin. -->","yoast_head_json":{"title":"The Celebratory Session of the Faculty Council of the Faculty of Veterinary Medicine of the University of Zagreb - Veterinarski fakultet","robots":{"index":"index","follow":"follow","max-snippet":"max-snippet:-1","max-image-preview":"max-image-preview:large","max-video-preview":"max-video-preview:-1"},"canonical":"https:\/\/www.vef.unizg.hr\/en\/news-release\/the-celebratory-session-of-the-faculty-council-of-the-faculty-of-veterinary-medicine-of-the-university-of-zagreb\/","og_locale":"en_US","og_type":"article","og_title":"The Celebratory Session of the Faculty Council of the Faculty of Veterinary Medicine of the University of Zagreb - Veterinarski fakultet","og_description":"Two days after the Veterinary Faculty marked its 100th anniversary at the Westin Hotel, with many guests joining the celebration on the basis of their inter-institutional and international cooperation, along with our retired professors and active employees, students and veterinarians, who received their diplomas from this Faculty, the 100 years that have passed since the...","og_url":"https:\/\/www.vef.unizg.hr\/en\/news-release\/the-celebratory-session-of-the-faculty-council-of-the-faculty-of-veterinary-medicine-of-the-university-of-zagreb\/","og_site_name":"Veterinarski fakultet","article_publisher":"https:\/\/www.facebook.com\/veterinarski.fakultet.zagreb\/","article_published_time":"2019-12-05T11:47:44+00:00","article_modified_time":"2019-12-06T08:58:28+00:00","og_image":[{"width":2000,"height":1333,"url":"https:\/\/www.vef.unizg.hr\/wp-content\/uploads\/2019\/12\/DSC_4148-1.jpg","type":"image\/jpeg"}],"author":"\u017deljana Klje\u010danin","twitter_card":"summary_large_image","twitter_misc":{"Written by":"\u017deljana Klje\u010danin","Est. reading time":"5 minutes"},"schema":{"@context":"https:\/\/schema.org","@graph":[{"@type":"Article","@id":"https:\/\/www.vef.unizg.hr\/en\/news-release\/the-celebratory-session-of-the-faculty-council-of-the-faculty-of-veterinary-medicine-of-the-university-of-zagreb\/#article","isPartOf":{"@id":"https:\/\/www.vef.unizg.hr\/en\/news-release\/the-celebratory-session-of-the-faculty-council-of-the-faculty-of-veterinary-medicine-of-the-university-of-zagreb\/"},"author":{"name":"\u017deljana Klje\u010danin","@id":"https:\/\/www.vef.unizg.hr\/#\/schema\/person\/89a72d30bedee69033370b5b936151a3"},"headline":"The Celebratory Session of the Faculty Council of the Faculty of Veterinary Medicine of the University of Zagreb","datePublished":"2019-12-05T11:47:44+00:00","dateModified":"2019-12-06T08:58:28+00:00","mainEntityOfPage":{"@id":"https:\/\/www.vef.unizg.hr\/en\/news-release\/the-celebratory-session-of-the-faculty-council-of-the-faculty-of-veterinary-medicine-of-the-university-of-zagreb\/"},"wordCount":1029,"commentCount":0,"publisher":{"@id":"https:\/\/www.vef.unizg.hr\/#organization"},"image":{"@id":"https:\/\/www.vef.unizg.hr\/en\/news-release\/the-celebratory-session-of-the-faculty-council-of-the-faculty-of-veterinary-medicine-of-the-university-of-zagreb\/#primaryimage"},"thumbnailUrl":"https:\/\/www.vef.unizg.hr\/wp-content\/uploads\/2019\/12\/DSC_4148-1.jpg","articleSection":["News release"],"inLanguage":"en-US","potentialAction":[{"@type":"CommentAction","name":"Comment","target":["https:\/\/www.vef.unizg.hr\/en\/news-release\/the-celebratory-session-of-the-faculty-council-of-the-faculty-of-veterinary-medicine-of-the-university-of-zagreb\/#respond"]}]},{"@type":"WebPage","@id":"https:\/\/www.vef.unizg.hr\/en\/news-release\/the-celebratory-session-of-the-faculty-council-of-the-faculty-of-veterinary-medicine-of-the-university-of-zagreb\/","url":"https:\/\/www.vef.unizg.hr\/en\/news-release\/the-celebratory-session-of-the-faculty-council-of-the-faculty-of-veterinary-medicine-of-the-university-of-zagreb\/","name":"The Celebratory Session of the Faculty Council of the Faculty of Veterinary Medicine of the University of Zagreb - Veterinarski fakultet","isPartOf":{"@id":"https:\/\/www.vef.unizg.hr\/#website"},"primaryImageOfPage":{"@id":"https:\/\/www.vef.unizg.hr\/en\/news-release\/the-celebratory-session-of-the-faculty-council-of-the-faculty-of-veterinary-medicine-of-the-university-of-zagreb\/#primaryimage"},"image":{"@id":"https:\/\/www.vef.unizg.hr\/en\/news-release\/the-celebratory-session-of-the-faculty-council-of-the-faculty-of-veterinary-medicine-of-the-university-of-zagreb\/#primaryimage"},"thumbnailUrl":"https:\/\/www.vef.unizg.hr\/wp-content\/uploads\/2019\/12\/DSC_4148-1.jpg","datePublished":"2019-12-05T11:47:44+00:00","dateModified":"2019-12-06T08:58:28+00:00","breadcrumb":{"@id":"https:\/\/www.vef.unizg.hr\/en\/news-release\/the-celebratory-session-of-the-faculty-council-of-the-faculty-of-veterinary-medicine-of-the-university-of-zagreb\/#breadcrumb"},"inLanguage":"en-US","potentialAction":[{"@type":"ReadAction","target":["https:\/\/www.vef.unizg.hr\/en\/news-release\/the-celebratory-session-of-the-faculty-council-of-the-faculty-of-veterinary-medicine-of-the-university-of-zagreb\/"]}]},{"@type":"ImageObject","inLanguage":"en-US","@id":"https:\/\/www.vef.unizg.hr\/en\/news-release\/the-celebratory-session-of-the-faculty-council-of-the-faculty-of-veterinary-medicine-of-the-university-of-zagreb\/#primaryimage","url":"https:\/\/www.vef.unizg.hr\/wp-content\/uploads\/2019\/12\/DSC_4148-1.jpg","contentUrl":"https:\/\/www.vef.unizg.hr\/wp-content\/uploads\/2019\/12\/DSC_4148-1.jpg","width":2000,"height":1333,"caption":"Student Juliette Alexandra Magoga"},{"@type":"BreadcrumbList","@id":"https:\/\/www.vef.unizg.hr\/en\/news-release\/the-celebratory-session-of-the-faculty-council-of-the-faculty-of-veterinary-medicine-of-the-university-of-zagreb\/#breadcrumb","itemListElement":[{"@type":"ListItem","position":1,"name":"Home","item":"https:\/\/www.vef.unizg.hr\/en\/"},{"@type":"ListItem","position":2,"name":"The Celebratory Session of the Faculty Council of the Faculty of Veterinary Medicine of the University of Zagreb"}]},{"@type":"WebSite","@id":"https:\/\/www.vef.unizg.hr\/#website","url":"https:\/\/www.vef.unizg.hr\/","name":"Veterinarski fakultet","description":"Veterinarski fakultet","publisher":{"@id":"https:\/\/www.vef.unizg.hr\/#organization"},"potentialAction":[{"@type":"SearchAction","target":{"@type":"EntryPoint","urlTemplate":"https:\/\/www.vef.unizg.hr\/?s={search_term_string}"},"query-input":{"@type":"PropertyValueSpecification","valueRequired":true,"valueName":"search_term_string"}}],"inLanguage":"en-US"},{"@type":"Organization","@id":"https:\/\/www.vef.unizg.hr\/#organization","name":"Veterinarski fakultet","url":"https:\/\/www.vef.unizg.hr\/","logo":{"@type":"ImageObject","inLanguage":"en-US","@id":"https:\/\/www.vef.unizg.hr\/#\/schema\/logo\/image\/","url":"https:\/\/www.vef.unizg.hr\/wp-content\/uploads\/2019\/01\/vef-logo.png","contentUrl":"https:\/\/www.vef.unizg.hr\/wp-content\/uploads\/2019\/01\/vef-logo.png","width":231,"height":231,"caption":"Veterinarski fakultet"},"image":{"@id":"https:\/\/www.vef.unizg.hr\/#\/schema\/logo\/image\/"},"sameAs":["https:\/\/www.facebook.com\/veterinarski.fakultet.zagreb\/","https:\/\/www.instagram.com\/vef.unizg"]},{"@type":"Person","@id":"https:\/\/www.vef.unizg.hr\/#\/schema\/person\/89a72d30bedee69033370b5b936151a3","name":"\u017deljana Klje\u010danin","image":{"@type":"ImageObject","inLanguage":"en-US","@id":"https:\/\/secure.gravatar.com\/avatar\/750e19469ddc2bd288c23415fc1e94c5b6b946854794ae412b22ddfca0aa75d5?s=96&d=mm&r=g","url":"https:\/\/secure.gravatar.com\/avatar\/750e19469ddc2bd288c23415fc1e94c5b6b946854794ae412b22ddfca0aa75d5?s=96&d=mm&r=g","contentUrl":"https:\/\/secure.gravatar.com\/avatar\/750e19469ddc2bd288c23415fc1e94c5b6b946854794ae412b22ddfca0aa75d5?s=96&d=mm&r=g","caption":"\u017deljana Klje\u010danin"}}]}},"_links":{"self":[{"href":"https:\/\/www.vef.unizg.hr\/en\/wp-json\/wp\/v2\/posts\/11325","targetHints":{"allow":["GET"]}}],"collection":[{"href":"https:\/\/www.vef.unizg.hr\/en\/wp-json\/wp\/v2\/posts"}],"about":[{"href":"https:\/\/www.vef.unizg.hr\/en\/wp-json\/wp\/v2\/types\/post"}],"author":[{"embeddable":true,"href":"https:\/\/www.vef.unizg.hr\/en\/wp-json\/wp\/v2\/users\/12"}],"replies":[{"embeddable":true,"href":"https:\/\/www.vef.unizg.hr\/en\/wp-json\/wp\/v2\/comments?post=11325"}],"version-history":[{"count":1,"href":"https:\/\/www.vef.unizg.hr\/en\/wp-json\/wp\/v2\/posts\/11325\/revisions"}],"predecessor-version":[{"id":11332,"href":"https:\/\/www.vef.unizg.hr\/en\/wp-json\/wp\/v2\/posts\/11325\/revisions\/11332"}],"wp:featuredmedia":[{"embeddable":true,"href":"https:\/\/www.vef.unizg.hr\/en\/wp-json\/wp\/v2\/media\/11298"}],"wp:attachment":[{"href":"https:\/\/www.vef.unizg.hr\/en\/wp-json\/wp\/v2\/media?parent=11325"}],"wp:term":[{"taxonomy":"category","embeddable":true,"href":"https:\/\/www.vef.unizg.hr\/en\/wp-json\/wp\/v2\/categories?post=11325"},{"taxonomy":"post_tag","embeddable":true,"href":"https:\/\/www.vef.unizg.hr\/en\/wp-json\/wp\/v2\/tags?post=11325"}],"curies":[{"name":"wp","href":"https:\/\/api.w.org\/{rel}","templated":true}]}}