{"id":11611,"date":"2019-12-13T11:22:11","date_gmt":"2019-12-13T11:22:11","guid":{"rendered":"https:\/\/www.vef.unizg.hr\/?p=11611"},"modified":"2019-12-13T11:23:24","modified_gmt":"2019-12-13T11:23:24","slug":"the-official-celebrations-of-the-100th-anniversary-of-the-veterinary-faculty","status":"publish","type":"post","link":"https:\/\/www.vef.unizg.hr\/en\/news-release\/the-official-celebrations-of-the-100th-anniversary-of-the-veterinary-faculty\/","title":{"rendered":"The Official Celebrations of the 100th Anniversary of the Veterinary Faculty"},"content":{"rendered":"<p>On 13th November 2011, exactly 100 years after the first lecture was given at the Veterinary College, by Prof. Jaroslav Sakar on anatomy, the Veterinary Faculty of the University of Zagreb held an official celebration to mark its centenary in the Crystal Ballroom of the Westin Hotel.\u00a0 The many prominent guests, the Rector and Vice-Rector of the University of Zagreb, representatives of state bodies and local self-government, deans of other components of the University of Zagreb, the rectors and deans of institutions of higher veterinary education from this country and the world, representatives of various institutions and veterinary organizations with which the Faculty cooperates, former and current employees and students, were greeted in his opening address by the Dean, Prof. Dr. Sc.\u00a0 Nenad Turk. The guests were also addressed by the Rector, Prof. Dr. Sc. Damir Boras, the Deputy Mayor of Zagreb, Dr. Sc. Jelena Pavi\u010di\u0107 Vuki\u010devi\u0107, and the state secretary in the Ministry of Science and Education, Dr. Sc. Tome Anti\u010di\u0107.<\/p>\n<div id=\"gridzy-11611p1\" class=\"gridzy gridzyClassic gridzyAnimated\" data-gridzy-options=\"{&quot;desiredElementHeight&quot;:200,&quot;spaceBetweenElements&quot;:1}\" data-gridzy-photoswipe=\"true\"><a href=\"https:\/\/www.vef.unizg.hr\/wp-content\/uploads\/2019\/12\/Entrance-of-the-Faculty-Board.jpg\" style=\"border: 0; visibility: hidden; \" data-id=\"11510\" data-size=\"2700x1800\"><img decoding=\"async\" src=\"https:\/\/www.vef.unizg.hr\/wp-content\/uploads\/2019\/12\/Entrance-of-the-Faculty-Board-900x600.jpg\" alt=\"\" \/>\r\n<span>E<\/span>\r\n<\/a><a href=\"https:\/\/www.vef.unizg.hr\/wp-content\/uploads\/2019\/12\/Dean-of-Faculty-of-Veterinary-Medicine-of-University-of-Zagreb-Prof.-Nenad-Turk.jpg\" style=\"border: 0; visibility: hidden; \" data-id=\"11504\" data-size=\"2700x1800\"><img decoding=\"async\" src=\"https:\/\/www.vef.unizg.hr\/wp-content\/uploads\/2019\/12\/Dean-of-Faculty-of-Veterinary-Medicine-of-University-of-Zagreb-Prof.-Nenad-Turk-900x600.jpg\" alt=\"\" \/>\r\n<span>Dean of Faculty of Veterinary Medicine of University of Zagreb Prof. Nenad Turk<\/span>\r\n<\/a><a href=\"https:\/\/www.vef.unizg.hr\/wp-content\/uploads\/2019\/12\/Rector-of-University-of-Zagreb-Prof.-Damir-Boras.jpg\" style=\"border: 0; visibility: hidden; \" data-id=\"11514\" data-size=\"2700x1800\"><img decoding=\"async\" src=\"https:\/\/www.vef.unizg.hr\/wp-content\/uploads\/2019\/12\/Rector-of-University-of-Zagreb-Prof.-Damir-Boras-900x600.jpg\" alt=\"\" \/>\r\n<span>Rector of University of Zagreb Prof. Damir Boras<\/span>\r\n<\/a><\/div>\n<p>To mark the centenary, plaques, charters, awards and certificates of appreciation were presented to professors of the Veterinary Faculty who have contributed most to its development and promoting its reputation: Josip Madi\u0107, \u017deljko Cvetni\u0107 and Dra\u017een Mati\u010di\u0107.<\/p>\n<div id=\"gridzy-11611p1-2\" class=\"gridzy gridzyClassic gridzyAnimated\" data-gridzy-options=\"{&quot;desiredElementHeight&quot;:200,&quot;spaceBetweenElements&quot;:1}\" data-gridzy-photoswipe=\"true\"><a href=\"https:\/\/www.vef.unizg.hr\/wp-content\/uploads\/2019\/12\/DSC_3184.jpg\" style=\"border: 0; visibility: hidden; \" data-id=\"11522\" data-size=\"3000x2000\"><img decoding=\"async\" src=\"https:\/\/www.vef.unizg.hr\/wp-content\/uploads\/2019\/12\/DSC_3184-900x600.jpg\" alt=\"\" \/>\r\n<span>Certificate of appreciation to academician Josip Madi\u0107<\/span>\r\n<\/a><a href=\"https:\/\/www.vef.unizg.hr\/wp-content\/uploads\/2019\/12\/DSC_3189.jpg\" style=\"border: 0; visibility: hidden; \" data-id=\"11524\" data-size=\"3000x2000\"><img decoding=\"async\" src=\"https:\/\/www.vef.unizg.hr\/wp-content\/uploads\/2019\/12\/DSC_3189-900x600.jpg\" alt=\"\" \/>\r\n<span>Certificate of appreciation to academician \u017deljko Cvetni\u0107<\/span>\r\n<\/a><a href=\"https:\/\/www.vef.unizg.hr\/wp-content\/uploads\/2019\/12\/Certificate-of-appreciation-to-academician-Dra\u017een-Mati\u010di\u0107.jpg\" style=\"border: 0; visibility: hidden; \" data-id=\"11468\" data-size=\"2700x1800\"><img decoding=\"async\" src=\"https:\/\/www.vef.unizg.hr\/wp-content\/uploads\/2019\/12\/Certificate-of-appreciation-to-academician-Dra\u017een-Mati\u010di\u0107-900x600.jpg\" alt=\"\" \/>\r\n<span>Certificate of appreciation to academician Dra\u017een Mati\u010di\u0107<\/span>\r\n<\/a><\/div>\n<p>Certificates of appreciation were also presented to professors who have held the position of Vice-Rector \u2013 Petar Kraljevi\u0107 and Ljiljana Pinter and the present Vice-Rector, Miljenko \u0160impraga.<\/p>\n<div id=\"gridzy-11611p1-3\" class=\"gridzy gridzyClassic gridzyAnimated\" data-gridzy-options=\"{&quot;desiredElementHeight&quot;:200,&quot;spaceBetweenElements&quot;:1}\" data-gridzy-photoswipe=\"true\"><a href=\"https:\/\/www.vef.unizg.hr\/wp-content\/uploads\/2019\/12\/DSC_3213.jpg\" style=\"border: 0; visibility: hidden; \" data-id=\"11533\" data-size=\"3000x2000\"><img decoding=\"async\" src=\"https:\/\/www.vef.unizg.hr\/wp-content\/uploads\/2019\/12\/DSC_3213-900x600.jpg\" alt=\"\" \/>\r\n<span>Certificate of appreciation to Prof. Petar Kraljevi\u0107<\/span>\r\n<\/a><a href=\"https:\/\/www.vef.unizg.hr\/wp-content\/uploads\/2019\/12\/DSC_3230.jpg\" style=\"border: 0; visibility: hidden; \" data-id=\"11535\" data-size=\"3000x2000\"><img decoding=\"async\" src=\"https:\/\/www.vef.unizg.hr\/wp-content\/uploads\/2019\/12\/DSC_3230-900x600.jpg\" alt=\"\" \/>\r\n<span>Certificate of appreciation to Prof. Miljenko \u0160impraga<\/span>\r\n<\/a><a href=\"https:\/\/www.vef.unizg.hr\/wp-content\/uploads\/2019\/12\/DSC_3275-2.jpg\" style=\"border: 0; visibility: hidden; \" data-id=\"11539\" data-size=\"822x1233\"><img decoding=\"async\" src=\"https:\/\/www.vef.unizg.hr\/wp-content\/uploads\/2019\/12\/DSC_3275-2-400x600.jpg\" alt=\"\" \/>\r\n<span>Prof. Ljiljana Pinter <\/span>\r\n<\/a><\/div>\n<p>Certificates of appreciation were presented to deans of the Faculty \u2013 professors Zvonimir Vinovr\u0161ki, Zdenko Bi\u0111in, Ljiljana Pinter, Velimir Su\u0161i\u0107 and Tomislav Dobrani\u0107.<\/p>\n<div id=\"gridzy-11611p1-4\" class=\"gridzy gridzyClassic gridzyAnimated\" data-gridzy-options=\"{&quot;desiredElementHeight&quot;:200,&quot;spaceBetweenElements&quot;:1}\" data-gridzy-photoswipe=\"true\"><a href=\"https:\/\/www.vef.unizg.hr\/wp-content\/uploads\/2019\/12\/DSC_3250.jpg\" style=\"border: 0; visibility: hidden; \" data-id=\"11531\" data-size=\"3000x2000\"><img decoding=\"async\" src=\"https:\/\/www.vef.unizg.hr\/wp-content\/uploads\/2019\/12\/DSC_3250-900x600.jpg\" alt=\"\" \/>\r\n<span>Certificate of appreciation to Prof. Ljiljana Pinter<\/span>\r\n<\/a><a href=\"https:\/\/www.vef.unizg.hr\/wp-content\/uploads\/2019\/12\/DSC_3259.jpg\" style=\"border: 0; visibility: hidden; \" data-id=\"11529\" data-size=\"3000x2000\"><img decoding=\"async\" src=\"https:\/\/www.vef.unizg.hr\/wp-content\/uploads\/2019\/12\/DSC_3259-900x600.jpg\" alt=\"\" \/>\r\n<span>Certificate of appreciation to Prof. Velimir Su\u0161i\u0107<\/span>\r\n<\/a><a href=\"https:\/\/www.vef.unizg.hr\/wp-content\/uploads\/2019\/12\/DSC_3264.jpg\" style=\"border: 0; visibility: hidden; \" data-id=\"11527\" data-size=\"3000x2000\"><img decoding=\"async\" src=\"https:\/\/www.vef.unizg.hr\/wp-content\/uploads\/2019\/12\/DSC_3264-900x600.jpg\" alt=\"\" \/>\r\n<span>Certificate of appreciation to Prof. Tomislav Dobrani\u0107<\/span>\r\n<\/a><\/div>\n<p>A plaque was presented for exceptional scientific achievement by alumni to Prof. Dr. Sc Kristijan Ramadan, our former student and the first Croat to receive the scientific-teaching title of full professor at the prestigious University of Oxford.\u00a0 An award was also presented to Dr. Sc. Atila Kos, for his contribution to international cooperation and promotion of the Faculty.<\/p>\n<div id=\"gridzy-11611p1-5\" class=\"gridzy gridzyClassic gridzyAnimated\" data-gridzy-options=\"{&quot;desiredElementHeight&quot;:200,&quot;spaceBetweenElements&quot;:1}\" data-gridzy-photoswipe=\"true\"><a href=\"https:\/\/www.vef.unizg.hr\/wp-content\/uploads\/2019\/12\/Certificate-of-appreciation-to-Prof.-Kristijan-Ramadan.jpg\" style=\"border: 0; visibility: hidden; \" data-id=\"11480\" data-size=\"2700x1800\"><img decoding=\"async\" src=\"https:\/\/www.vef.unizg.hr\/wp-content\/uploads\/2019\/12\/Certificate-of-appreciation-to-Prof.-Kristijan-Ramadan-900x600.jpg\" alt=\"\" \/>\r\n<span>Certificate of appreciation to Prof. Kristijan Ramadan<\/span>\r\n<\/a><a href=\"https:\/\/www.vef.unizg.hr\/wp-content\/uploads\/2019\/12\/Certifficate-of-appreciation-to-Dr.-Atila-Kos.jpg\" style=\"border: 0; visibility: hidden; \" data-id=\"11466\" data-size=\"2700x1800\"><img decoding=\"async\" src=\"https:\/\/www.vef.unizg.hr\/wp-content\/uploads\/2019\/12\/Certifficate-of-appreciation-to-Dr.-Atila-Kos-900x600.jpg\" alt=\"\" \/>\r\n<span>Certificate of appreciation to Dr. Atila Kos<\/span>\r\n<\/a><\/div>\n<p>Charters to mark many years of successful business cooperation were presented to the City of Zagreb, Genera d.d., Agroproteinka, Medical Intertrade, Koka d.d., and the veterinary stations in Jastrebarsko and Vrbovec.<\/p>\n<div id=\"gridzy-11611p1-6\" class=\"gridzy gridzyClassic gridzyAnimated\" data-gridzy-options=\"{&quot;desiredElementHeight&quot;:200,&quot;spaceBetweenElements&quot;:1}\" data-gridzy-photoswipe=\"true\"><a href=\"https:\/\/www.vef.unizg.hr\/wp-content\/uploads\/2019\/12\/Certificate-to.jpg\" style=\"border: 0; visibility: hidden; \" data-id=\"11502\" data-size=\"2700x1800\"><img decoding=\"async\" src=\"https:\/\/www.vef.unizg.hr\/wp-content\/uploads\/2019\/12\/Certificate-to-900x600.jpg\" alt=\"\" \/>\r\n<span>Certificate of appreciation to Medical Intertrade<\/span>\r\n<\/a><a href=\"https:\/\/www.vef.unizg.hr\/wp-content\/uploads\/2019\/12\/Certificate-to-Koka-d.d.jpg\" style=\"border: 0; visibility: hidden; \" data-id=\"11500\" data-size=\"2700x1800\"><img decoding=\"async\" src=\"https:\/\/www.vef.unizg.hr\/wp-content\/uploads\/2019\/12\/Certificate-to-Koka-d.d-900x600.jpg\" alt=\"\" \/>\r\n<span>Certificate of appreciation to Koka d.d.<\/span>\r\n<\/a><a href=\"https:\/\/www.vef.unizg.hr\/wp-content\/uploads\/2019\/12\/Certificate-to-Genera-d.d.jpg\" style=\"border: 0; visibility: hidden; \" data-id=\"11498\" data-size=\"2700x1800\"><img decoding=\"async\" src=\"https:\/\/www.vef.unizg.hr\/wp-content\/uploads\/2019\/12\/Certificate-to-Genera-d.d-900x600.jpg\" alt=\"\" \/>\r\n<span>Certificate of appreciation to Genera d.d.<\/span>\r\n<\/a><\/div>\n<div id=\"gridzy-11611p1-7\" class=\"gridzy gridzyClassic gridzyAnimated\" data-gridzy-options=\"{&quot;desiredElementHeight&quot;:200,&quot;spaceBetweenElements&quot;:1}\" data-gridzy-photoswipe=\"true\"><a href=\"https:\/\/www.vef.unizg.hr\/wp-content\/uploads\/2019\/12\/Certificate-of-appreciation-to-Vrbovec.jpg\" style=\"border: 0; visibility: hidden; \" data-id=\"11490\" data-size=\"2700x1800\"><img decoding=\"async\" src=\"https:\/\/www.vef.unizg.hr\/wp-content\/uploads\/2019\/12\/Certificate-of-appreciation-to-Vrbovec-900x600.jpg\" alt=\"\" \/>\r\n<span>Certificate of appreciation to<\/span>\r\n<\/a><a href=\"https:\/\/www.vef.unizg.hr\/wp-content\/uploads\/2019\/12\/Certificate-to-Agroproteinka-d.o.o.jpg\" style=\"border: 0; visibility: hidden; \" data-id=\"11496\" data-size=\"2700x1800\"><img decoding=\"async\" src=\"https:\/\/www.vef.unizg.hr\/wp-content\/uploads\/2019\/12\/Certificate-to-Agroproteinka-d.o.o-900x600.jpg\" alt=\"\" \/>\r\n<span>Certificate of appreciation to Agroproteinka d.o.o.<\/span>\r\n<\/a><a href=\"https:\/\/www.vef.unizg.hr\/wp-content\/uploads\/2019\/12\/DSC_3367.jpg\" style=\"border: 0; visibility: hidden; \" data-id=\"11550\" data-size=\"3000x2000\"><img decoding=\"async\" src=\"https:\/\/www.vef.unizg.hr\/wp-content\/uploads\/2019\/12\/DSC_3367-900x600.jpg\" alt=\"\" \/>\r\n<span>Certificate of appreciation to veterinary station Jastrebarsko<\/span>\r\n<\/a><\/div>\n<p>The Croatian Veterinary Institute, the Croatian Veterinary Chamber, the Croatian Institute of Public Health, and the Dr. Andrija \u0160tampar Educational Institute of Public Health, the Dr. Fran Mihaljevi\u0107 Infectious Diseases Clinic,\u00a0 the Institute for Medical Research and Occupational Medicine, and the Ru\u0111er Bo\u0161kovi\u0107 Institute were awarded certificates of appreciation and memorial medallions for their cooperation in teaching, scientific and professional activities.<\/p>\n<div id=\"gridzy-11611p1-8\" class=\"gridzy gridzyClassic gridzyAnimated\" data-gridzy-options=\"{&quot;desiredElementHeight&quot;:200,&quot;spaceBetweenElements&quot;:1}\" data-gridzy-photoswipe=\"true\"><a href=\"https:\/\/www.vef.unizg.hr\/wp-content\/uploads\/2019\/12\/DSC_3460.jpg\" style=\"border: 0; visibility: hidden; \" data-id=\"11556\" data-size=\"3000x2000\"><img decoding=\"async\" src=\"https:\/\/www.vef.unizg.hr\/wp-content\/uploads\/2019\/12\/DSC_3460-900x600.jpg\" alt=\"\" \/>\r\n<span>Certificate of appreciation to Croatian Veterinary Institute<\/span>\r\n<\/a><a href=\"https:\/\/www.vef.unizg.hr\/wp-content\/uploads\/2019\/12\/DSC_3467.jpg\" style=\"border: 0; visibility: hidden; \" data-id=\"11558\" data-size=\"3000x2000\"><img decoding=\"async\" src=\"https:\/\/www.vef.unizg.hr\/wp-content\/uploads\/2019\/12\/DSC_3467-900x600.jpg\" alt=\"\" \/>\r\n<span>Certificate of appreciation to Croatioan Veterinary Chamber<\/span>\r\n<\/a><a href=\"https:\/\/www.vef.unizg.hr\/wp-content\/uploads\/2019\/12\/DSC_3472.jpg\" style=\"border: 0; visibility: hidden; \" data-id=\"11560\" data-size=\"3000x2000\"><img decoding=\"async\" src=\"https:\/\/www.vef.unizg.hr\/wp-content\/uploads\/2019\/12\/DSC_3472-900x600.jpg\" alt=\"\" \/>\r\n<span>Certificate of appreciation to <\/span>\r\n<\/a><\/div>\n<div id=\"gridzy-11611p1-9\" class=\"gridzy gridzyClassic gridzyAnimated\" data-gridzy-options=\"{&quot;desiredElementHeight&quot;:200,&quot;spaceBetweenElements&quot;:1}\" data-gridzy-photoswipe=\"true\"><a href=\"https:\/\/www.vef.unizg.hr\/wp-content\/uploads\/2019\/12\/DSC_3482.jpg\" style=\"border: 0; visibility: hidden; \" data-id=\"11564\" data-size=\"3000x2000\"><img decoding=\"async\" src=\"https:\/\/www.vef.unizg.hr\/wp-content\/uploads\/2019\/12\/DSC_3482-900x600.jpg\" alt=\"\" \/>\r\n<span><\/span>\r\n<\/a><a href=\"https:\/\/www.vef.unizg.hr\/wp-content\/uploads\/2019\/12\/DSC_3487.jpg\" style=\"border: 0; visibility: hidden; \" data-id=\"11566\" data-size=\"3000x2000\"><img decoding=\"async\" src=\"https:\/\/www.vef.unizg.hr\/wp-content\/uploads\/2019\/12\/DSC_3487-900x600.jpg\" alt=\"\" \/>\r\n<span>Certificates of appreciation <\/span>\r\n<\/a><a href=\"https:\/\/www.vef.unizg.hr\/wp-content\/uploads\/2019\/12\/DSC_3496.jpg\" style=\"border: 0; visibility: hidden; \" data-id=\"11571\" data-size=\"3000x2000\"><img decoding=\"async\" src=\"https:\/\/www.vef.unizg.hr\/wp-content\/uploads\/2019\/12\/DSC_3496-900x600.jpg\" alt=\"\" \/>\r\n<span><\/span>\r\n<\/a><\/div>\n<p>The Veterinary Universities of Vienna, Budapest, Brno and Lviv received certificates of appreciation and memorial medallions for their contribution to the foundation of the Veterinary Faculty in Zagreb, whilst the veterinary and related faculties in Belgrade, Sarajevo, Ljubljana, Skopje, Novi Sad, Ko\u0161ice, Pomona (USA), Bila Tserkva (Ukraine), Tirana and Pri\u0161tina, also received awards for their successful cooperation.<\/p>\n<div id=\"gridzy-11611p1-10\" class=\"gridzy gridzyClassic gridzyAnimated\" data-gridzy-options=\"{&quot;desiredElementHeight&quot;:200,&quot;spaceBetweenElements&quot;:1}\" data-gridzy-photoswipe=\"true\"><a href=\"https:\/\/www.vef.unizg.hr\/wp-content\/uploads\/2019\/12\/DSC_3383.jpg\" style=\"border: 0; visibility: hidden; \" data-id=\"11591\" data-size=\"3000x2000\"><img decoding=\"async\" src=\"https:\/\/www.vef.unizg.hr\/wp-content\/uploads\/2019\/12\/DSC_3383-900x600.jpg\" alt=\"\" \/>\r\n<span><\/span>\r\n<\/a><a href=\"https:\/\/www.vef.unizg.hr\/wp-content\/uploads\/2019\/12\/DSC_3390.jpg\" style=\"border: 0; visibility: hidden; \" data-id=\"11593\" data-size=\"3000x2000\"><img decoding=\"async\" src=\"https:\/\/www.vef.unizg.hr\/wp-content\/uploads\/2019\/12\/DSC_3390-900x600.jpg\" alt=\"\" \/>\r\n<span><\/span>\r\n<\/a><a href=\"https:\/\/www.vef.unizg.hr\/wp-content\/uploads\/2019\/12\/DSC_3401.jpg\" style=\"border: 0; visibility: hidden; \" data-id=\"11595\" data-size=\"3000x2000\"><img decoding=\"async\" src=\"https:\/\/www.vef.unizg.hr\/wp-content\/uploads\/2019\/12\/DSC_3401-900x600.jpg\" alt=\"\" \/>\r\n<span><\/span>\r\n<\/a><\/div>\n<div id=\"gridzy-11611p1-11\" class=\"gridzy gridzyClassic gridzyAnimated\" data-gridzy-options=\"{&quot;desiredElementHeight&quot;:200,&quot;spaceBetweenElements&quot;:1}\" data-gridzy-photoswipe=\"true\"><a href=\"https:\/\/www.vef.unizg.hr\/wp-content\/uploads\/2019\/12\/DSC_3406.jpg\" style=\"border: 0; visibility: hidden; \" data-id=\"11585\" data-size=\"3000x2000\"><img decoding=\"async\" src=\"https:\/\/www.vef.unizg.hr\/wp-content\/uploads\/2019\/12\/DSC_3406-900x600.jpg\" alt=\"\" \/>\r\n<span><\/span>\r\n<\/a><a href=\"https:\/\/www.vef.unizg.hr\/wp-content\/uploads\/2019\/12\/DSC_3412.jpg\" style=\"border: 0; visibility: hidden; \" data-id=\"11587\" data-size=\"3000x2000\"><img decoding=\"async\" src=\"https:\/\/www.vef.unizg.hr\/wp-content\/uploads\/2019\/12\/DSC_3412-900x600.jpg\" alt=\"\" \/>\r\n<span><\/span>\r\n<\/a><a href=\"https:\/\/www.vef.unizg.hr\/wp-content\/uploads\/2019\/12\/DSC_3420.jpg\" style=\"border: 0; visibility: hidden; \" data-id=\"11589\" data-size=\"3000x2000\"><img decoding=\"async\" src=\"https:\/\/www.vef.unizg.hr\/wp-content\/uploads\/2019\/12\/DSC_3420-900x600.jpg\" alt=\"\" \/>\r\n<span><\/span>\r\n<\/a><\/div>\n<div id=\"gridzy-11611p1-12\" class=\"gridzy gridzyClassic gridzyAnimated\" data-gridzy-options=\"{&quot;desiredElementHeight&quot;:200,&quot;spaceBetweenElements&quot;:1}\" data-gridzy-photoswipe=\"true\"><a href=\"https:\/\/www.vef.unizg.hr\/wp-content\/uploads\/2019\/12\/DSC_3424.jpg\" style=\"border: 0; visibility: hidden; \" data-id=\"11579\" data-size=\"3000x2000\"><img decoding=\"async\" src=\"https:\/\/www.vef.unizg.hr\/wp-content\/uploads\/2019\/12\/DSC_3424-900x600.jpg\" alt=\"\" \/>\r\n<span><\/span>\r\n<\/a><a href=\"https:\/\/www.vef.unizg.hr\/wp-content\/uploads\/2019\/12\/DSC_3429.jpg\" style=\"border: 0; visibility: hidden; \" data-id=\"11581\" data-size=\"3000x2000\"><img decoding=\"async\" src=\"https:\/\/www.vef.unizg.hr\/wp-content\/uploads\/2019\/12\/DSC_3429-900x600.jpg\" alt=\"\" \/>\r\n<span><\/span>\r\n<\/a><a href=\"https:\/\/www.vef.unizg.hr\/wp-content\/uploads\/2019\/12\/DSC_3436.jpg\" style=\"border: 0; visibility: hidden; \" data-id=\"11583\" data-size=\"3000x2000\"><img decoding=\"async\" src=\"https:\/\/www.vef.unizg.hr\/wp-content\/uploads\/2019\/12\/DSC_3436-900x600.jpg\" alt=\"\" \/>\r\n<span><\/span>\r\n<\/a><\/div>\n<div id=\"gridzy-11611p1-13\" class=\"gridzy gridzyClassic gridzyAnimated\" data-gridzy-options=\"{&quot;desiredElementHeight&quot;:200,&quot;spaceBetweenElements&quot;:1}\" data-gridzy-photoswipe=\"true\"><a href=\"https:\/\/www.vef.unizg.hr\/wp-content\/uploads\/2019\/12\/DSC_3442.jpg\" style=\"border: 0; visibility: hidden; \" data-id=\"11573\" data-size=\"3000x2000\"><img decoding=\"async\" src=\"https:\/\/www.vef.unizg.hr\/wp-content\/uploads\/2019\/12\/DSC_3442-900x600.jpg\" alt=\"\" \/>\r\n<span><\/span>\r\n<\/a><a href=\"https:\/\/www.vef.unizg.hr\/wp-content\/uploads\/2019\/12\/DSC_3448.jpg\" style=\"border: 0; visibility: hidden; \" data-id=\"11575\" data-size=\"3000x2000\"><img decoding=\"async\" src=\"https:\/\/www.vef.unizg.hr\/wp-content\/uploads\/2019\/12\/DSC_3448-900x600.jpg\" alt=\"\" \/>\r\n<span><\/span>\r\n<\/a><a href=\"https:\/\/www.vef.unizg.hr\/wp-content\/uploads\/2019\/12\/DSC_3455.jpg\" style=\"border: 0; visibility: hidden; \" data-id=\"11577\" data-size=\"3000x2000\"><img decoding=\"async\" src=\"https:\/\/www.vef.unizg.hr\/wp-content\/uploads\/2019\/12\/DSC_3455-900x600.jpg\" alt=\"\" \/>\r\n<span><\/span>\r\n<\/a><\/div>\n<p>The official programme was accompanied by a musical performance by Primadonna Lidija Horvat-Dunjko, M. Art., and the Academic Choir of the Veterinary Faculty in Zagreb, &#8220;Ab ovo&#8221;.<\/p>\n<div id=\"gridzy-11611p1-14\" class=\"gridzy gridzyClassic gridzyAnimated\" data-gridzy-options=\"{&quot;desiredElementHeight&quot;:200,&quot;spaceBetweenElements&quot;:1}\" data-gridzy-photoswipe=\"true\"><a href=\"https:\/\/www.vef.unizg.hr\/wp-content\/uploads\/2019\/12\/DSC_3588.jpg\" style=\"border: 0; visibility: hidden; \" data-id=\"11599\" data-size=\"3000x2000\"><img decoding=\"async\" src=\"https:\/\/www.vef.unizg.hr\/wp-content\/uploads\/2019\/12\/DSC_3588-900x600.jpg\" alt=\"\" \/>\r\n<span><\/span>\r\n<\/a><a href=\"https:\/\/www.vef.unizg.hr\/wp-content\/uploads\/2019\/12\/DSC_3535.jpg\" style=\"border: 0; visibility: hidden; \" data-id=\"11601\" data-size=\"3000x2000\"><img decoding=\"async\" src=\"https:\/\/www.vef.unizg.hr\/wp-content\/uploads\/2019\/12\/DSC_3535-900x600.jpg\" alt=\"\" \/>\r\n<span><\/span>\r\n<\/a><a href=\"https:\/\/www.vef.unizg.hr\/wp-content\/uploads\/2019\/12\/DSC_3554-2.jpg\" style=\"border: 0; visibility: hidden; \" data-id=\"11603\" data-size=\"3000x2000\"><img decoding=\"async\" src=\"https:\/\/www.vef.unizg.hr\/wp-content\/uploads\/2019\/12\/DSC_3554-2-900x600.jpg\" alt=\"\" \/>\r\n<span><\/span>\r\n<\/a><\/div>\n<div id=\"gridzy-11611p1-15\" class=\"gridzy gridzyClassic gridzyAnimated\" data-gridzy-options=\"{&quot;desiredElementHeight&quot;:200,&quot;spaceBetweenElements&quot;:1}\" data-gridzy-photoswipe=\"true\"><a href=\"https:\/\/www.vef.unizg.hr\/wp-content\/uploads\/2019\/12\/DSC_3073.jpg\" style=\"border: 0; visibility: hidden; \" data-id=\"11605\" data-size=\"3000x2000\"><img decoding=\"async\" src=\"https:\/\/www.vef.unizg.hr\/wp-content\/uploads\/2019\/12\/DSC_3073-900x600.jpg\" alt=\"\" \/>\r\n<span><\/span>\r\n<\/a><a href=\"https:\/\/www.vef.unizg.hr\/wp-content\/uploads\/2019\/12\/DSC_3070.jpg\" style=\"border: 0; visibility: hidden; \" data-id=\"11607\" data-size=\"3000x2000\"><img decoding=\"async\" src=\"https:\/\/www.vef.unizg.hr\/wp-content\/uploads\/2019\/12\/DSC_3070-900x600.jpg\" alt=\"\" \/>\r\n<span><\/span>\r\n<\/a><a href=\"https:\/\/www.vef.unizg.hr\/wp-content\/uploads\/2019\/12\/DSC_2905.jpg\" style=\"border: 0; visibility: hidden; \" data-id=\"11609\" data-size=\"3004x2000\"><img decoding=\"async\" src=\"https:\/\/www.vef.unizg.hr\/wp-content\/uploads\/2019\/12\/DSC_2905-901x600.jpg\" alt=\"\" \/>\r\n<span><\/span>\r\n<\/a><\/div>\n<p>At the end of this brief account of the official celebrations of the 100th anniversary of the Veterinary Faculty, we will quote the Dean, Prof. Dr. Sc. Nenad Turk: \u201cLet us continue our journey through time, promoting the fundamental academic values, and by each step we take we leave our mark on history, even though we are not aware of it at the time. We can look back with pride on the way we have come, and the successes we have achieved. Borne on the wings of success, let us not forget that this time in our society is weighed down with challenges, constant changes to the environment in which we work and create, and leaves almost no time for the normal life we all strive for.\u00a0 We should not always look for the means to achieve our goals and values outside ourselves, but I firmly believe that by delving deeper into our own consciousness, it is possible to find the best way to express the fundamental values of society, such as understanding, tolerance and goodness, values which we know well, but too often forget. Therefore, let us make it our goal, in the unstoppable course of time in which we live, for humanity and community to continue to be the virtues of which we can boast, and which will continue to guide the Veterinary Faculty on the path of success in the next one hundred years.\u201d<\/p>\n","protected":false},"excerpt":{"rendered":"<p>On 13th November 2011, exactly 100 years after the first lecture was given at the Veterinary College, by Prof. Jaroslav Sakar on anatomy, the Veterinary Faculty of the University of Zagreb held an official celebration to mark its centenary in the Crystal Ballroom of the Westin Hotel.\u00a0 The many prominent guests, the Rector and Vice-Rector&#8230;<\/p>\n","protected":false},"author":12,"featured_media":11464,"comment_status":"open","ping_status":"open","sticky":false,"template":"","format":"standard","meta":{"_acf_changed":false,"footnotes":""},"categories":[315],"tags":[],"class_list":["post-11611","post","type-post","status-publish","format-standard","has-post-thumbnail","hentry","category-news-release"],"acf":[],"yoast_head":"<!-- This site is optimized with the Yoast SEO plugin v27.4 - https:\/\/yoast.com\/product\/yoast-seo-wordpress\/ -->\n<title>The Official Celebrations of the 100th Anniversary of the Veterinary Faculty - Veterinarski fakultet<\/title>\n<meta name=\"robots\" content=\"index, follow, max-snippet:-1, max-image-preview:large, max-video-preview:-1\" \/>\n<link rel=\"canonical\" href=\"https:\/\/www.vef.unizg.hr\/en\/news-release\/the-official-celebrations-of-the-100th-anniversary-of-the-veterinary-faculty\/\" \/>\n<meta property=\"og:locale\" content=\"en_US\" \/>\n<meta property=\"og:type\" content=\"article\" \/>\n<meta property=\"og:title\" content=\"The Official Celebrations of the 100th Anniversary of the Veterinary Faculty - Veterinarski fakultet\" \/>\n<meta property=\"og:description\" content=\"On 13th November 2011, exactly 100 years after the first lecture was given at the Veterinary College, by Prof. Jaroslav Sakar on anatomy, the Veterinary Faculty of the University of Zagreb held an official celebration to mark its centenary in the Crystal Ballroom of the Westin Hotel.\u00a0 The many prominent guests, the Rector and Vice-Rector...\" \/>\n<meta property=\"og:url\" content=\"https:\/\/www.vef.unizg.hr\/en\/news-release\/the-official-celebrations-of-the-100th-anniversary-of-the-veterinary-faculty\/\" \/>\n<meta property=\"og:site_name\" content=\"Veterinarski fakultet\" \/>\n<meta property=\"article:publisher\" content=\"https:\/\/www.facebook.com\/veterinarski.fakultet.zagreb\/\" \/>\n<meta property=\"article:published_time\" content=\"2019-12-13T11:22:11+00:00\" \/>\n<meta property=\"article:modified_time\" content=\"2019-12-13T11:23:24+00:00\" \/>\n<meta property=\"og:image\" content=\"https:\/\/www.vef.unizg.hr\/wp-content\/uploads\/2019\/12\/Dekanski-kolegij_Westin_13_11_2019-865x600.jpg\" \/>\n\t<meta property=\"og:image:width\" content=\"865\" \/>\n\t<meta property=\"og:image:height\" content=\"600\" \/>\n\t<meta property=\"og:image:type\" content=\"image\/jpeg\" \/>\n<meta name=\"author\" content=\"\u017deljana Klje\u010danin\" \/>\n<meta name=\"twitter:card\" content=\"summary_large_image\" \/>\n<meta name=\"twitter:label1\" content=\"Written by\" \/>\n\t<meta name=\"twitter:data1\" content=\"\u017deljana Klje\u010danin\" \/>\n\t<meta name=\"twitter:label2\" content=\"Est. reading time\" \/>\n\t<meta name=\"twitter:data2\" content=\"4 minutes\" \/>\n<script type=\"application\/ld+json\" class=\"yoast-schema-graph\">{\"@context\":\"https:\\\/\\\/schema.org\",\"@graph\":[{\"@type\":\"Article\",\"@id\":\"https:\\\/\\\/www.vef.unizg.hr\\\/en\\\/news-release\\\/the-official-celebrations-of-the-100th-anniversary-of-the-veterinary-faculty\\\/#article\",\"isPartOf\":{\"@id\":\"https:\\\/\\\/www.vef.unizg.hr\\\/en\\\/news-release\\\/the-official-celebrations-of-the-100th-anniversary-of-the-veterinary-faculty\\\/\"},\"author\":{\"name\":\"\u017deljana Klje\u010danin\",\"@id\":\"https:\\\/\\\/www.vef.unizg.hr\\\/#\\\/schema\\\/person\\\/89a72d30bedee69033370b5b936151a3\"},\"headline\":\"The Official Celebrations of the 100th Anniversary of the Veterinary Faculty\",\"datePublished\":\"2019-12-13T11:22:11+00:00\",\"dateModified\":\"2019-12-13T11:23:24+00:00\",\"mainEntityOfPage\":{\"@id\":\"https:\\\/\\\/www.vef.unizg.hr\\\/en\\\/news-release\\\/the-official-celebrations-of-the-100th-anniversary-of-the-veterinary-faculty\\\/\"},\"wordCount\":771,\"commentCount\":0,\"publisher\":{\"@id\":\"https:\\\/\\\/www.vef.unizg.hr\\\/#organization\"},\"image\":{\"@id\":\"https:\\\/\\\/www.vef.unizg.hr\\\/en\\\/news-release\\\/the-official-celebrations-of-the-100th-anniversary-of-the-veterinary-faculty\\\/#primaryimage\"},\"thumbnailUrl\":\"https:\\\/\\\/www.vef.unizg.hr\\\/wp-content\\\/uploads\\\/2019\\\/12\\\/Dekanski-kolegij_Westin_13_11_2019.jpg\",\"articleSection\":[\"News release\"],\"inLanguage\":\"en-US\",\"potentialAction\":[{\"@type\":\"CommentAction\",\"name\":\"Comment\",\"target\":[\"https:\\\/\\\/www.vef.unizg.hr\\\/en\\\/news-release\\\/the-official-celebrations-of-the-100th-anniversary-of-the-veterinary-faculty\\\/#respond\"]}]},{\"@type\":\"WebPage\",\"@id\":\"https:\\\/\\\/www.vef.unizg.hr\\\/en\\\/news-release\\\/the-official-celebrations-of-the-100th-anniversary-of-the-veterinary-faculty\\\/\",\"url\":\"https:\\\/\\\/www.vef.unizg.hr\\\/en\\\/news-release\\\/the-official-celebrations-of-the-100th-anniversary-of-the-veterinary-faculty\\\/\",\"name\":\"The Official Celebrations of the 100th Anniversary of the Veterinary Faculty - Veterinarski fakultet\",\"isPartOf\":{\"@id\":\"https:\\\/\\\/www.vef.unizg.hr\\\/#website\"},\"primaryImageOfPage\":{\"@id\":\"https:\\\/\\\/www.vef.unizg.hr\\\/en\\\/news-release\\\/the-official-celebrations-of-the-100th-anniversary-of-the-veterinary-faculty\\\/#primaryimage\"},\"image\":{\"@id\":\"https:\\\/\\\/www.vef.unizg.hr\\\/en\\\/news-release\\\/the-official-celebrations-of-the-100th-anniversary-of-the-veterinary-faculty\\\/#primaryimage\"},\"thumbnailUrl\":\"https:\\\/\\\/www.vef.unizg.hr\\\/wp-content\\\/uploads\\\/2019\\\/12\\\/Dekanski-kolegij_Westin_13_11_2019.jpg\",\"datePublished\":\"2019-12-13T11:22:11+00:00\",\"dateModified\":\"2019-12-13T11:23:24+00:00\",\"breadcrumb\":{\"@id\":\"https:\\\/\\\/www.vef.unizg.hr\\\/en\\\/news-release\\\/the-official-celebrations-of-the-100th-anniversary-of-the-veterinary-faculty\\\/#breadcrumb\"},\"inLanguage\":\"en-US\",\"potentialAction\":[{\"@type\":\"ReadAction\",\"target\":[\"https:\\\/\\\/www.vef.unizg.hr\\\/en\\\/news-release\\\/the-official-celebrations-of-the-100th-anniversary-of-the-veterinary-faculty\\\/\"]}]},{\"@type\":\"ImageObject\",\"inLanguage\":\"en-US\",\"@id\":\"https:\\\/\\\/www.vef.unizg.hr\\\/en\\\/news-release\\\/the-official-celebrations-of-the-100th-anniversary-of-the-veterinary-faculty\\\/#primaryimage\",\"url\":\"https:\\\/\\\/www.vef.unizg.hr\\\/wp-content\\\/uploads\\\/2019\\\/12\\\/Dekanski-kolegij_Westin_13_11_2019.jpg\",\"contentUrl\":\"https:\\\/\\\/www.vef.unizg.hr\\\/wp-content\\\/uploads\\\/2019\\\/12\\\/Dekanski-kolegij_Westin_13_11_2019.jpg\",\"width\":2560,\"height\":1776,\"caption\":\"13.11.2019., Zagreb - Veterinarski fakultet Sveucilista u Zagrebu ove godine obiljezava 100 godina te je tim povodom odrzana svecana sjednica Fakultetskoga vijeca u kristalnoj dvorani hotela Westin. Photo: Sanjin Strukic\\\/PIXSELL\"},{\"@type\":\"BreadcrumbList\",\"@id\":\"https:\\\/\\\/www.vef.unizg.hr\\\/en\\\/news-release\\\/the-official-celebrations-of-the-100th-anniversary-of-the-veterinary-faculty\\\/#breadcrumb\",\"itemListElement\":[{\"@type\":\"ListItem\",\"position\":1,\"name\":\"Home\",\"item\":\"https:\\\/\\\/www.vef.unizg.hr\\\/en\\\/\"},{\"@type\":\"ListItem\",\"position\":2,\"name\":\"The Official Celebrations of the 100th Anniversary of the Veterinary Faculty\"}]},{\"@type\":\"WebSite\",\"@id\":\"https:\\\/\\\/www.vef.unizg.hr\\\/#website\",\"url\":\"https:\\\/\\\/www.vef.unizg.hr\\\/\",\"name\":\"Veterinarski fakultet\",\"description\":\"Veterinarski fakultet\",\"publisher\":{\"@id\":\"https:\\\/\\\/www.vef.unizg.hr\\\/#organization\"},\"potentialAction\":[{\"@type\":\"SearchAction\",\"target\":{\"@type\":\"EntryPoint\",\"urlTemplate\":\"https:\\\/\\\/www.vef.unizg.hr\\\/?s={search_term_string}\"},\"query-input\":{\"@type\":\"PropertyValueSpecification\",\"valueRequired\":true,\"valueName\":\"search_term_string\"}}],\"inLanguage\":\"en-US\"},{\"@type\":\"Organization\",\"@id\":\"https:\\\/\\\/www.vef.unizg.hr\\\/#organization\",\"name\":\"Veterinarski fakultet\",\"url\":\"https:\\\/\\\/www.vef.unizg.hr\\\/\",\"logo\":{\"@type\":\"ImageObject\",\"inLanguage\":\"en-US\",\"@id\":\"https:\\\/\\\/www.vef.unizg.hr\\\/#\\\/schema\\\/logo\\\/image\\\/\",\"url\":\"https:\\\/\\\/www.vef.unizg.hr\\\/wp-content\\\/uploads\\\/2019\\\/01\\\/vef-logo.png\",\"contentUrl\":\"https:\\\/\\\/www.vef.unizg.hr\\\/wp-content\\\/uploads\\\/2019\\\/01\\\/vef-logo.png\",\"width\":231,\"height\":231,\"caption\":\"Veterinarski fakultet\"},\"image\":{\"@id\":\"https:\\\/\\\/www.vef.unizg.hr\\\/#\\\/schema\\\/logo\\\/image\\\/\"},\"sameAs\":[\"https:\\\/\\\/www.facebook.com\\\/veterinarski.fakultet.zagreb\\\/\",\"https:\\\/\\\/www.instagram.com\\\/vef.unizg\"]},{\"@type\":\"Person\",\"@id\":\"https:\\\/\\\/www.vef.unizg.hr\\\/#\\\/schema\\\/person\\\/89a72d30bedee69033370b5b936151a3\",\"name\":\"\u017deljana Klje\u010danin\",\"image\":{\"@type\":\"ImageObject\",\"inLanguage\":\"en-US\",\"@id\":\"https:\\\/\\\/secure.gravatar.com\\\/avatar\\\/750e19469ddc2bd288c23415fc1e94c5b6b946854794ae412b22ddfca0aa75d5?s=96&d=mm&r=g\",\"url\":\"https:\\\/\\\/secure.gravatar.com\\\/avatar\\\/750e19469ddc2bd288c23415fc1e94c5b6b946854794ae412b22ddfca0aa75d5?s=96&d=mm&r=g\",\"contentUrl\":\"https:\\\/\\\/secure.gravatar.com\\\/avatar\\\/750e19469ddc2bd288c23415fc1e94c5b6b946854794ae412b22ddfca0aa75d5?s=96&d=mm&r=g\",\"caption\":\"\u017deljana Klje\u010danin\"}}]}<\/script>\n<!-- \/ Yoast SEO plugin. -->","yoast_head_json":{"title":"The Official Celebrations of the 100th Anniversary of the Veterinary Faculty - Veterinarski fakultet","robots":{"index":"index","follow":"follow","max-snippet":"max-snippet:-1","max-image-preview":"max-image-preview:large","max-video-preview":"max-video-preview:-1"},"canonical":"https:\/\/www.vef.unizg.hr\/en\/news-release\/the-official-celebrations-of-the-100th-anniversary-of-the-veterinary-faculty\/","og_locale":"en_US","og_type":"article","og_title":"The Official Celebrations of the 100th Anniversary of the Veterinary Faculty - Veterinarski fakultet","og_description":"On 13th November 2011, exactly 100 years after the first lecture was given at the Veterinary College, by Prof. Jaroslav Sakar on anatomy, the Veterinary Faculty of the University of Zagreb held an official celebration to mark its centenary in the Crystal Ballroom of the Westin Hotel.\u00a0 The many prominent guests, the Rector and Vice-Rector...","og_url":"https:\/\/www.vef.unizg.hr\/en\/news-release\/the-official-celebrations-of-the-100th-anniversary-of-the-veterinary-faculty\/","og_site_name":"Veterinarski fakultet","article_publisher":"https:\/\/www.facebook.com\/veterinarski.fakultet.zagreb\/","article_published_time":"2019-12-13T11:22:11+00:00","article_modified_time":"2019-12-13T11:23:24+00:00","og_image":[{"width":865,"height":600,"url":"https:\/\/www.vef.unizg.hr\/wp-content\/uploads\/2019\/12\/Dekanski-kolegij_Westin_13_11_2019-865x600.jpg","type":"image\/jpeg"}],"author":"\u017deljana Klje\u010danin","twitter_card":"summary_large_image","twitter_misc":{"Written by":"\u017deljana Klje\u010danin","Est. reading time":"4 minutes"},"schema":{"@context":"https:\/\/schema.org","@graph":[{"@type":"Article","@id":"https:\/\/www.vef.unizg.hr\/en\/news-release\/the-official-celebrations-of-the-100th-anniversary-of-the-veterinary-faculty\/#article","isPartOf":{"@id":"https:\/\/www.vef.unizg.hr\/en\/news-release\/the-official-celebrations-of-the-100th-anniversary-of-the-veterinary-faculty\/"},"author":{"name":"\u017deljana Klje\u010danin","@id":"https:\/\/www.vef.unizg.hr\/#\/schema\/person\/89a72d30bedee69033370b5b936151a3"},"headline":"The Official Celebrations of the 100th Anniversary of the Veterinary Faculty","datePublished":"2019-12-13T11:22:11+00:00","dateModified":"2019-12-13T11:23:24+00:00","mainEntityOfPage":{"@id":"https:\/\/www.vef.unizg.hr\/en\/news-release\/the-official-celebrations-of-the-100th-anniversary-of-the-veterinary-faculty\/"},"wordCount":771,"commentCount":0,"publisher":{"@id":"https:\/\/www.vef.unizg.hr\/#organization"},"image":{"@id":"https:\/\/www.vef.unizg.hr\/en\/news-release\/the-official-celebrations-of-the-100th-anniversary-of-the-veterinary-faculty\/#primaryimage"},"thumbnailUrl":"https:\/\/www.vef.unizg.hr\/wp-content\/uploads\/2019\/12\/Dekanski-kolegij_Westin_13_11_2019.jpg","articleSection":["News release"],"inLanguage":"en-US","potentialAction":[{"@type":"CommentAction","name":"Comment","target":["https:\/\/www.vef.unizg.hr\/en\/news-release\/the-official-celebrations-of-the-100th-anniversary-of-the-veterinary-faculty\/#respond"]}]},{"@type":"WebPage","@id":"https:\/\/www.vef.unizg.hr\/en\/news-release\/the-official-celebrations-of-the-100th-anniversary-of-the-veterinary-faculty\/","url":"https:\/\/www.vef.unizg.hr\/en\/news-release\/the-official-celebrations-of-the-100th-anniversary-of-the-veterinary-faculty\/","name":"The Official Celebrations of the 100th Anniversary of the Veterinary Faculty - Veterinarski fakultet","isPartOf":{"@id":"https:\/\/www.vef.unizg.hr\/#website"},"primaryImageOfPage":{"@id":"https:\/\/www.vef.unizg.hr\/en\/news-release\/the-official-celebrations-of-the-100th-anniversary-of-the-veterinary-faculty\/#primaryimage"},"image":{"@id":"https:\/\/www.vef.unizg.hr\/en\/news-release\/the-official-celebrations-of-the-100th-anniversary-of-the-veterinary-faculty\/#primaryimage"},"thumbnailUrl":"https:\/\/www.vef.unizg.hr\/wp-content\/uploads\/2019\/12\/Dekanski-kolegij_Westin_13_11_2019.jpg","datePublished":"2019-12-13T11:22:11+00:00","dateModified":"2019-12-13T11:23:24+00:00","breadcrumb":{"@id":"https:\/\/www.vef.unizg.hr\/en\/news-release\/the-official-celebrations-of-the-100th-anniversary-of-the-veterinary-faculty\/#breadcrumb"},"inLanguage":"en-US","potentialAction":[{"@type":"ReadAction","target":["https:\/\/www.vef.unizg.hr\/en\/news-release\/the-official-celebrations-of-the-100th-anniversary-of-the-veterinary-faculty\/"]}]},{"@type":"ImageObject","inLanguage":"en-US","@id":"https:\/\/www.vef.unizg.hr\/en\/news-release\/the-official-celebrations-of-the-100th-anniversary-of-the-veterinary-faculty\/#primaryimage","url":"https:\/\/www.vef.unizg.hr\/wp-content\/uploads\/2019\/12\/Dekanski-kolegij_Westin_13_11_2019.jpg","contentUrl":"https:\/\/www.vef.unizg.hr\/wp-content\/uploads\/2019\/12\/Dekanski-kolegij_Westin_13_11_2019.jpg","width":2560,"height":1776,"caption":"13.11.2019., Zagreb - Veterinarski fakultet Sveucilista u Zagrebu ove godine obiljezava 100 godina te je tim povodom odrzana svecana sjednica Fakultetskoga vijeca u kristalnoj dvorani hotela Westin. Photo: Sanjin Strukic\/PIXSELL"},{"@type":"BreadcrumbList","@id":"https:\/\/www.vef.unizg.hr\/en\/news-release\/the-official-celebrations-of-the-100th-anniversary-of-the-veterinary-faculty\/#breadcrumb","itemListElement":[{"@type":"ListItem","position":1,"name":"Home","item":"https:\/\/www.vef.unizg.hr\/en\/"},{"@type":"ListItem","position":2,"name":"The Official Celebrations of the 100th Anniversary of the Veterinary Faculty"}]},{"@type":"WebSite","@id":"https:\/\/www.vef.unizg.hr\/#website","url":"https:\/\/www.vef.unizg.hr\/","name":"Veterinarski fakultet","description":"Veterinarski fakultet","publisher":{"@id":"https:\/\/www.vef.unizg.hr\/#organization"},"potentialAction":[{"@type":"SearchAction","target":{"@type":"EntryPoint","urlTemplate":"https:\/\/www.vef.unizg.hr\/?s={search_term_string}"},"query-input":{"@type":"PropertyValueSpecification","valueRequired":true,"valueName":"search_term_string"}}],"inLanguage":"en-US"},{"@type":"Organization","@id":"https:\/\/www.vef.unizg.hr\/#organization","name":"Veterinarski fakultet","url":"https:\/\/www.vef.unizg.hr\/","logo":{"@type":"ImageObject","inLanguage":"en-US","@id":"https:\/\/www.vef.unizg.hr\/#\/schema\/logo\/image\/","url":"https:\/\/www.vef.unizg.hr\/wp-content\/uploads\/2019\/01\/vef-logo.png","contentUrl":"https:\/\/www.vef.unizg.hr\/wp-content\/uploads\/2019\/01\/vef-logo.png","width":231,"height":231,"caption":"Veterinarski fakultet"},"image":{"@id":"https:\/\/www.vef.unizg.hr\/#\/schema\/logo\/image\/"},"sameAs":["https:\/\/www.facebook.com\/veterinarski.fakultet.zagreb\/","https:\/\/www.instagram.com\/vef.unizg"]},{"@type":"Person","@id":"https:\/\/www.vef.unizg.hr\/#\/schema\/person\/89a72d30bedee69033370b5b936151a3","name":"\u017deljana Klje\u010danin","image":{"@type":"ImageObject","inLanguage":"en-US","@id":"https:\/\/secure.gravatar.com\/avatar\/750e19469ddc2bd288c23415fc1e94c5b6b946854794ae412b22ddfca0aa75d5?s=96&d=mm&r=g","url":"https:\/\/secure.gravatar.com\/avatar\/750e19469ddc2bd288c23415fc1e94c5b6b946854794ae412b22ddfca0aa75d5?s=96&d=mm&r=g","contentUrl":"https:\/\/secure.gravatar.com\/avatar\/750e19469ddc2bd288c23415fc1e94c5b6b946854794ae412b22ddfca0aa75d5?s=96&d=mm&r=g","caption":"\u017deljana Klje\u010danin"}}]}},"_links":{"self":[{"href":"https:\/\/www.vef.unizg.hr\/en\/wp-json\/wp\/v2\/posts\/11611","targetHints":{"allow":["GET"]}}],"collection":[{"href":"https:\/\/www.vef.unizg.hr\/en\/wp-json\/wp\/v2\/posts"}],"about":[{"href":"https:\/\/www.vef.unizg.hr\/en\/wp-json\/wp\/v2\/types\/post"}],"author":[{"embeddable":true,"href":"https:\/\/www.vef.unizg.hr\/en\/wp-json\/wp\/v2\/users\/12"}],"replies":[{"embeddable":true,"href":"https:\/\/www.vef.unizg.hr\/en\/wp-json\/wp\/v2\/comments?post=11611"}],"version-history":[{"count":1,"href":"https:\/\/www.vef.unizg.hr\/en\/wp-json\/wp\/v2\/posts\/11611\/revisions"}],"predecessor-version":[{"id":11612,"href":"https:\/\/www.vef.unizg.hr\/en\/wp-json\/wp\/v2\/posts\/11611\/revisions\/11612"}],"wp:featuredmedia":[{"embeddable":true,"href":"https:\/\/www.vef.unizg.hr\/en\/wp-json\/wp\/v2\/media\/11464"}],"wp:attachment":[{"href":"https:\/\/www.vef.unizg.hr\/en\/wp-json\/wp\/v2\/media?parent=11611"}],"wp:term":[{"taxonomy":"category","embeddable":true,"href":"https:\/\/www.vef.unizg.hr\/en\/wp-json\/wp\/v2\/categories?post=11611"},{"taxonomy":"post_tag","embeddable":true,"href":"https:\/\/www.vef.unizg.hr\/en\/wp-json\/wp\/v2\/tags?post=11611"}],"curies":[{"name":"wp","href":"https:\/\/api.w.org\/{rel}","templated":true}]}}