{"id":12199,"date":"2020-01-31T15:35:05","date_gmt":"2020-01-31T15:35:05","guid":{"rendered":"https:\/\/www.vef.unizg.hr\/?p=12199"},"modified":"2020-02-02T22:37:18","modified_gmt":"2020-02-02T22:37:18","slug":"auf-appel-a-candidatures-mobilites-de-stage-professionnel","status":"publish","type":"post","link":"https:\/\/www.vef.unizg.hr\/en\/students-office-announcements\/general-news\/auf-appel-a-candidatures-mobilites-de-stage-professionnel\/","title":{"rendered":"AUF Appel \u00e0 candidatures \u2013 Mobilit\u00e9s de stage professionnel"},"content":{"rendered":"<p>L\u2019appel \u00e0 candidatures est ouvert du\u00a0<strong>23 janvier au 13 mars 2020. <\/strong><\/p>\n<p>Les mobilit\u00e9s de stage professionnel sont accord\u00e9es pour une dur\u00e9e de\u00a0<strong>1 \u00e0 3 mois<\/strong>, \u00e0 effectuer entre le\u00a0<strong>1<\/strong><strong><sup>er<\/sup><\/strong><strong>\u00a0avril et le 18<\/strong>\u00a0<strong>d\u00e9cembre 2020<\/strong>.<\/p>\n<p>Le candidat doit identifier une structure d\u2019accueil en dehors de son pays d\u2019origine ayant la langue de travail le fran\u00e7ais et y obtenir son admission.<\/p>\n<p>La mobilit\u00e9 couvre au maximum le transport, une allocation mensuelle et une assurance-sant\u00e9.<\/p>\n<p>Lire plus:<\/p>\n<p><a href=\"http:\/\/www.auf.org\/europe-centrale-orientale\/nouvelles\/appels-a-candidatures\/appel-candidatures-mobilites-de-stage-professionnel\/\">www.auf.org\/europe-centrale-orientale\/nouvelles\/appels-a-candidatures\/appel-candidatures-mobilites-de-stage-professionnel\/<\/a><\/p>\n","protected":false},"excerpt":{"rendered":"<p>AUF Appel \u00e0 candidatures \u2013 Mobilit\u00e9s de stage professionnel<\/p>\n","protected":false},"author":37,"featured_media":6355,"comment_status":"open","ping_status":"open","sticky":false,"template":"","format":"standard","meta":{"_acf_changed":false,"footnotes":""},"categories":[318,319],"tags":[],"class_list":["post-12199","post","type-post","status-publish","format-standard","has-post-thumbnail","hentry","category-general-news","category-scholarships-calls"],"acf":[],"yoast_head":"<!-- This site is optimized with the Yoast SEO plugin v27.4 - https:\/\/yoast.com\/product\/yoast-seo-wordpress\/ -->\n<title>AUF Appel \u00e0 candidatures \u2013 Mobilit\u00e9s de stage professionnel - Veterinarski fakultet<\/title>\n<meta name=\"robots\" content=\"index, follow, max-snippet:-1, max-image-preview:large, max-video-preview:-1\" \/>\n<link rel=\"canonical\" href=\"https:\/\/www.vef.unizg.hr\/en\/students-office-announcements\/general-news\/auf-appel-a-candidatures-mobilites-de-stage-professionnel\/\" \/>\n<meta property=\"og:locale\" content=\"en_US\" \/>\n<meta property=\"og:type\" content=\"article\" \/>\n<meta property=\"og:title\" content=\"AUF Appel \u00e0 candidatures \u2013 Mobilit\u00e9s de stage professionnel - Veterinarski fakultet\" \/>\n<meta property=\"og:description\" content=\"AUF Appel \u00e0 candidatures \u2013 Mobilit\u00e9s de stage professionnel\" \/>\n<meta property=\"og:url\" content=\"https:\/\/www.vef.unizg.hr\/en\/students-office-announcements\/general-news\/auf-appel-a-candidatures-mobilites-de-stage-professionnel\/\" \/>\n<meta property=\"og:site_name\" content=\"Veterinarski fakultet\" \/>\n<meta property=\"article:publisher\" content=\"https:\/\/www.facebook.com\/veterinarski.fakultet.zagreb\/\" \/>\n<meta property=\"article:published_time\" content=\"2020-01-31T15:35:05+00:00\" \/>\n<meta property=\"article:modified_time\" content=\"2020-02-02T22:37:18+00:00\" \/>\n<meta property=\"og:image\" content=\"https:\/\/www.vef.unizg.hr\/wp-content\/uploads\/2018\/11\/tipska-ideja.jpg\" \/>\n\t<meta property=\"og:image:width\" content=\"1920\" \/>\n\t<meta property=\"og:image:height\" content=\"1334\" \/>\n\t<meta property=\"og:image:type\" content=\"image\/jpeg\" \/>\n<meta name=\"author\" content=\"pmarko\" \/>\n<meta name=\"twitter:card\" content=\"summary_large_image\" \/>\n<meta name=\"twitter:label1\" content=\"Written by\" \/>\n\t<meta name=\"twitter:data1\" content=\"pmarko\" \/>\n<script type=\"application\/ld+json\" class=\"yoast-schema-graph\">{\"@context\":\"https:\\\/\\\/schema.org\",\"@graph\":[{\"@type\":\"Article\",\"@id\":\"https:\\\/\\\/www.vef.unizg.hr\\\/en\\\/students-office-announcements\\\/general-news\\\/auf-appel-a-candidatures-mobilites-de-stage-professionnel\\\/#article\",\"isPartOf\":{\"@id\":\"https:\\\/\\\/www.vef.unizg.hr\\\/en\\\/students-office-announcements\\\/general-news\\\/auf-appel-a-candidatures-mobilites-de-stage-professionnel\\\/\"},\"author\":{\"name\":\"pmarko\",\"@id\":\"https:\\\/\\\/www.vef.unizg.hr\\\/#\\\/schema\\\/person\\\/8f8bdb2abc3e25535146c3173fba9e68\"},\"headline\":\"AUF Appel \u00e0 candidatures \u2013 Mobilit\u00e9s de stage professionnel\",\"datePublished\":\"2020-01-31T15:35:05+00:00\",\"dateModified\":\"2020-02-02T22:37:18+00:00\",\"mainEntityOfPage\":{\"@id\":\"https:\\\/\\\/www.vef.unizg.hr\\\/en\\\/students-office-announcements\\\/general-news\\\/auf-appel-a-candidatures-mobilites-de-stage-professionnel\\\/\"},\"wordCount\":91,\"commentCount\":0,\"publisher\":{\"@id\":\"https:\\\/\\\/www.vef.unizg.hr\\\/#organization\"},\"image\":{\"@id\":\"https:\\\/\\\/www.vef.unizg.hr\\\/en\\\/students-office-announcements\\\/general-news\\\/auf-appel-a-candidatures-mobilites-de-stage-professionnel\\\/#primaryimage\"},\"thumbnailUrl\":\"https:\\\/\\\/www.vef.unizg.hr\\\/wp-content\\\/uploads\\\/2018\\\/11\\\/tipska-ideja.jpg\",\"articleSection\":[\"General News\",\"Scholarships &amp; Calls\"],\"inLanguage\":\"en-US\",\"potentialAction\":[{\"@type\":\"CommentAction\",\"name\":\"Comment\",\"target\":[\"https:\\\/\\\/www.vef.unizg.hr\\\/en\\\/students-office-announcements\\\/general-news\\\/auf-appel-a-candidatures-mobilites-de-stage-professionnel\\\/#respond\"]}]},{\"@type\":\"WebPage\",\"@id\":\"https:\\\/\\\/www.vef.unizg.hr\\\/en\\\/students-office-announcements\\\/general-news\\\/auf-appel-a-candidatures-mobilites-de-stage-professionnel\\\/\",\"url\":\"https:\\\/\\\/www.vef.unizg.hr\\\/en\\\/students-office-announcements\\\/general-news\\\/auf-appel-a-candidatures-mobilites-de-stage-professionnel\\\/\",\"name\":\"AUF Appel \u00e0 candidatures \u2013 Mobilit\u00e9s de stage professionnel - Veterinarski fakultet\",\"isPartOf\":{\"@id\":\"https:\\\/\\\/www.vef.unizg.hr\\\/#website\"},\"primaryImageOfPage\":{\"@id\":\"https:\\\/\\\/www.vef.unizg.hr\\\/en\\\/students-office-announcements\\\/general-news\\\/auf-appel-a-candidatures-mobilites-de-stage-professionnel\\\/#primaryimage\"},\"image\":{\"@id\":\"https:\\\/\\\/www.vef.unizg.hr\\\/en\\\/students-office-announcements\\\/general-news\\\/auf-appel-a-candidatures-mobilites-de-stage-professionnel\\\/#primaryimage\"},\"thumbnailUrl\":\"https:\\\/\\\/www.vef.unizg.hr\\\/wp-content\\\/uploads\\\/2018\\\/11\\\/tipska-ideja.jpg\",\"datePublished\":\"2020-01-31T15:35:05+00:00\",\"dateModified\":\"2020-02-02T22:37:18+00:00\",\"breadcrumb\":{\"@id\":\"https:\\\/\\\/www.vef.unizg.hr\\\/en\\\/students-office-announcements\\\/general-news\\\/auf-appel-a-candidatures-mobilites-de-stage-professionnel\\\/#breadcrumb\"},\"inLanguage\":\"en-US\",\"potentialAction\":[{\"@type\":\"ReadAction\",\"target\":[\"https:\\\/\\\/www.vef.unizg.hr\\\/en\\\/students-office-announcements\\\/general-news\\\/auf-appel-a-candidatures-mobilites-de-stage-professionnel\\\/\"]}]},{\"@type\":\"ImageObject\",\"inLanguage\":\"en-US\",\"@id\":\"https:\\\/\\\/www.vef.unizg.hr\\\/en\\\/students-office-announcements\\\/general-news\\\/auf-appel-a-candidatures-mobilites-de-stage-professionnel\\\/#primaryimage\",\"url\":\"https:\\\/\\\/www.vef.unizg.hr\\\/wp-content\\\/uploads\\\/2018\\\/11\\\/tipska-ideja.jpg\",\"contentUrl\":\"https:\\\/\\\/www.vef.unizg.hr\\\/wp-content\\\/uploads\\\/2018\\\/11\\\/tipska-ideja.jpg\",\"width\":1920,\"height\":1334},{\"@type\":\"BreadcrumbList\",\"@id\":\"https:\\\/\\\/www.vef.unizg.hr\\\/en\\\/students-office-announcements\\\/general-news\\\/auf-appel-a-candidatures-mobilites-de-stage-professionnel\\\/#breadcrumb\",\"itemListElement\":[{\"@type\":\"ListItem\",\"position\":1,\"name\":\"Home\",\"item\":\"https:\\\/\\\/www.vef.unizg.hr\\\/en\\\/\"},{\"@type\":\"ListItem\",\"position\":2,\"name\":\"AUF Appel \u00e0 candidatures \u2013 Mobilit\u00e9s de stage professionnel\"}]},{\"@type\":\"WebSite\",\"@id\":\"https:\\\/\\\/www.vef.unizg.hr\\\/#website\",\"url\":\"https:\\\/\\\/www.vef.unizg.hr\\\/\",\"name\":\"Veterinarski fakultet\",\"description\":\"Veterinarski fakultet\",\"publisher\":{\"@id\":\"https:\\\/\\\/www.vef.unizg.hr\\\/#organization\"},\"potentialAction\":[{\"@type\":\"SearchAction\",\"target\":{\"@type\":\"EntryPoint\",\"urlTemplate\":\"https:\\\/\\\/www.vef.unizg.hr\\\/?s={search_term_string}\"},\"query-input\":{\"@type\":\"PropertyValueSpecification\",\"valueRequired\":true,\"valueName\":\"search_term_string\"}}],\"inLanguage\":\"en-US\"},{\"@type\":\"Organization\",\"@id\":\"https:\\\/\\\/www.vef.unizg.hr\\\/#organization\",\"name\":\"Veterinarski fakultet\",\"url\":\"https:\\\/\\\/www.vef.unizg.hr\\\/\",\"logo\":{\"@type\":\"ImageObject\",\"inLanguage\":\"en-US\",\"@id\":\"https:\\\/\\\/www.vef.unizg.hr\\\/#\\\/schema\\\/logo\\\/image\\\/\",\"url\":\"https:\\\/\\\/www.vef.unizg.hr\\\/wp-content\\\/uploads\\\/2019\\\/01\\\/vef-logo.png\",\"contentUrl\":\"https:\\\/\\\/www.vef.unizg.hr\\\/wp-content\\\/uploads\\\/2019\\\/01\\\/vef-logo.png\",\"width\":231,\"height\":231,\"caption\":\"Veterinarski fakultet\"},\"image\":{\"@id\":\"https:\\\/\\\/www.vef.unizg.hr\\\/#\\\/schema\\\/logo\\\/image\\\/\"},\"sameAs\":[\"https:\\\/\\\/www.facebook.com\\\/veterinarski.fakultet.zagreb\\\/\",\"https:\\\/\\\/www.instagram.com\\\/vef.unizg\"]},{\"@type\":\"Person\",\"@id\":\"https:\\\/\\\/www.vef.unizg.hr\\\/#\\\/schema\\\/person\\\/8f8bdb2abc3e25535146c3173fba9e68\",\"name\":\"pmarko\",\"image\":{\"@type\":\"ImageObject\",\"inLanguage\":\"en-US\",\"@id\":\"https:\\\/\\\/secure.gravatar.com\\\/avatar\\\/f7aec2cdbbfac96956c97d8dfa4963fd95c356f255fb4d831e37ff941505615c?s=96&d=mm&r=g\",\"url\":\"https:\\\/\\\/secure.gravatar.com\\\/avatar\\\/f7aec2cdbbfac96956c97d8dfa4963fd95c356f255fb4d831e37ff941505615c?s=96&d=mm&r=g\",\"contentUrl\":\"https:\\\/\\\/secure.gravatar.com\\\/avatar\\\/f7aec2cdbbfac96956c97d8dfa4963fd95c356f255fb4d831e37ff941505615c?s=96&d=mm&r=g\",\"caption\":\"pmarko\"}}]}<\/script>\n<!-- \/ Yoast SEO plugin. -->","yoast_head_json":{"title":"AUF Appel \u00e0 candidatures \u2013 Mobilit\u00e9s de stage professionnel - Veterinarski fakultet","robots":{"index":"index","follow":"follow","max-snippet":"max-snippet:-1","max-image-preview":"max-image-preview:large","max-video-preview":"max-video-preview:-1"},"canonical":"https:\/\/www.vef.unizg.hr\/en\/students-office-announcements\/general-news\/auf-appel-a-candidatures-mobilites-de-stage-professionnel\/","og_locale":"en_US","og_type":"article","og_title":"AUF Appel \u00e0 candidatures \u2013 Mobilit\u00e9s de stage professionnel - Veterinarski fakultet","og_description":"AUF Appel \u00e0 candidatures \u2013 Mobilit\u00e9s de stage professionnel","og_url":"https:\/\/www.vef.unizg.hr\/en\/students-office-announcements\/general-news\/auf-appel-a-candidatures-mobilites-de-stage-professionnel\/","og_site_name":"Veterinarski fakultet","article_publisher":"https:\/\/www.facebook.com\/veterinarski.fakultet.zagreb\/","article_published_time":"2020-01-31T15:35:05+00:00","article_modified_time":"2020-02-02T22:37:18+00:00","og_image":[{"width":1920,"height":1334,"url":"https:\/\/www.vef.unizg.hr\/wp-content\/uploads\/2018\/11\/tipska-ideja.jpg","type":"image\/jpeg"}],"author":"pmarko","twitter_card":"summary_large_image","twitter_misc":{"Written by":"pmarko"},"schema":{"@context":"https:\/\/schema.org","@graph":[{"@type":"Article","@id":"https:\/\/www.vef.unizg.hr\/en\/students-office-announcements\/general-news\/auf-appel-a-candidatures-mobilites-de-stage-professionnel\/#article","isPartOf":{"@id":"https:\/\/www.vef.unizg.hr\/en\/students-office-announcements\/general-news\/auf-appel-a-candidatures-mobilites-de-stage-professionnel\/"},"author":{"name":"pmarko","@id":"https:\/\/www.vef.unizg.hr\/#\/schema\/person\/8f8bdb2abc3e25535146c3173fba9e68"},"headline":"AUF Appel \u00e0 candidatures \u2013 Mobilit\u00e9s de stage professionnel","datePublished":"2020-01-31T15:35:05+00:00","dateModified":"2020-02-02T22:37:18+00:00","mainEntityOfPage":{"@id":"https:\/\/www.vef.unizg.hr\/en\/students-office-announcements\/general-news\/auf-appel-a-candidatures-mobilites-de-stage-professionnel\/"},"wordCount":91,"commentCount":0,"publisher":{"@id":"https:\/\/www.vef.unizg.hr\/#organization"},"image":{"@id":"https:\/\/www.vef.unizg.hr\/en\/students-office-announcements\/general-news\/auf-appel-a-candidatures-mobilites-de-stage-professionnel\/#primaryimage"},"thumbnailUrl":"https:\/\/www.vef.unizg.hr\/wp-content\/uploads\/2018\/11\/tipska-ideja.jpg","articleSection":["General News","Scholarships &amp; Calls"],"inLanguage":"en-US","potentialAction":[{"@type":"CommentAction","name":"Comment","target":["https:\/\/www.vef.unizg.hr\/en\/students-office-announcements\/general-news\/auf-appel-a-candidatures-mobilites-de-stage-professionnel\/#respond"]}]},{"@type":"WebPage","@id":"https:\/\/www.vef.unizg.hr\/en\/students-office-announcements\/general-news\/auf-appel-a-candidatures-mobilites-de-stage-professionnel\/","url":"https:\/\/www.vef.unizg.hr\/en\/students-office-announcements\/general-news\/auf-appel-a-candidatures-mobilites-de-stage-professionnel\/","name":"AUF Appel \u00e0 candidatures \u2013 Mobilit\u00e9s de stage professionnel - Veterinarski fakultet","isPartOf":{"@id":"https:\/\/www.vef.unizg.hr\/#website"},"primaryImageOfPage":{"@id":"https:\/\/www.vef.unizg.hr\/en\/students-office-announcements\/general-news\/auf-appel-a-candidatures-mobilites-de-stage-professionnel\/#primaryimage"},"image":{"@id":"https:\/\/www.vef.unizg.hr\/en\/students-office-announcements\/general-news\/auf-appel-a-candidatures-mobilites-de-stage-professionnel\/#primaryimage"},"thumbnailUrl":"https:\/\/www.vef.unizg.hr\/wp-content\/uploads\/2018\/11\/tipska-ideja.jpg","datePublished":"2020-01-31T15:35:05+00:00","dateModified":"2020-02-02T22:37:18+00:00","breadcrumb":{"@id":"https:\/\/www.vef.unizg.hr\/en\/students-office-announcements\/general-news\/auf-appel-a-candidatures-mobilites-de-stage-professionnel\/#breadcrumb"},"inLanguage":"en-US","potentialAction":[{"@type":"ReadAction","target":["https:\/\/www.vef.unizg.hr\/en\/students-office-announcements\/general-news\/auf-appel-a-candidatures-mobilites-de-stage-professionnel\/"]}]},{"@type":"ImageObject","inLanguage":"en-US","@id":"https:\/\/www.vef.unizg.hr\/en\/students-office-announcements\/general-news\/auf-appel-a-candidatures-mobilites-de-stage-professionnel\/#primaryimage","url":"https:\/\/www.vef.unizg.hr\/wp-content\/uploads\/2018\/11\/tipska-ideja.jpg","contentUrl":"https:\/\/www.vef.unizg.hr\/wp-content\/uploads\/2018\/11\/tipska-ideja.jpg","width":1920,"height":1334},{"@type":"BreadcrumbList","@id":"https:\/\/www.vef.unizg.hr\/en\/students-office-announcements\/general-news\/auf-appel-a-candidatures-mobilites-de-stage-professionnel\/#breadcrumb","itemListElement":[{"@type":"ListItem","position":1,"name":"Home","item":"https:\/\/www.vef.unizg.hr\/en\/"},{"@type":"ListItem","position":2,"name":"AUF Appel \u00e0 candidatures \u2013 Mobilit\u00e9s de stage professionnel"}]},{"@type":"WebSite","@id":"https:\/\/www.vef.unizg.hr\/#website","url":"https:\/\/www.vef.unizg.hr\/","name":"Veterinarski fakultet","description":"Veterinarski fakultet","publisher":{"@id":"https:\/\/www.vef.unizg.hr\/#organization"},"potentialAction":[{"@type":"SearchAction","target":{"@type":"EntryPoint","urlTemplate":"https:\/\/www.vef.unizg.hr\/?s={search_term_string}"},"query-input":{"@type":"PropertyValueSpecification","valueRequired":true,"valueName":"search_term_string"}}],"inLanguage":"en-US"},{"@type":"Organization","@id":"https:\/\/www.vef.unizg.hr\/#organization","name":"Veterinarski fakultet","url":"https:\/\/www.vef.unizg.hr\/","logo":{"@type":"ImageObject","inLanguage":"en-US","@id":"https:\/\/www.vef.unizg.hr\/#\/schema\/logo\/image\/","url":"https:\/\/www.vef.unizg.hr\/wp-content\/uploads\/2019\/01\/vef-logo.png","contentUrl":"https:\/\/www.vef.unizg.hr\/wp-content\/uploads\/2019\/01\/vef-logo.png","width":231,"height":231,"caption":"Veterinarski fakultet"},"image":{"@id":"https:\/\/www.vef.unizg.hr\/#\/schema\/logo\/image\/"},"sameAs":["https:\/\/www.facebook.com\/veterinarski.fakultet.zagreb\/","https:\/\/www.instagram.com\/vef.unizg"]},{"@type":"Person","@id":"https:\/\/www.vef.unizg.hr\/#\/schema\/person\/8f8bdb2abc3e25535146c3173fba9e68","name":"pmarko","image":{"@type":"ImageObject","inLanguage":"en-US","@id":"https:\/\/secure.gravatar.com\/avatar\/f7aec2cdbbfac96956c97d8dfa4963fd95c356f255fb4d831e37ff941505615c?s=96&d=mm&r=g","url":"https:\/\/secure.gravatar.com\/avatar\/f7aec2cdbbfac96956c97d8dfa4963fd95c356f255fb4d831e37ff941505615c?s=96&d=mm&r=g","contentUrl":"https:\/\/secure.gravatar.com\/avatar\/f7aec2cdbbfac96956c97d8dfa4963fd95c356f255fb4d831e37ff941505615c?s=96&d=mm&r=g","caption":"pmarko"}}]}},"_links":{"self":[{"href":"https:\/\/www.vef.unizg.hr\/en\/wp-json\/wp\/v2\/posts\/12199","targetHints":{"allow":["GET"]}}],"collection":[{"href":"https:\/\/www.vef.unizg.hr\/en\/wp-json\/wp\/v2\/posts"}],"about":[{"href":"https:\/\/www.vef.unizg.hr\/en\/wp-json\/wp\/v2\/types\/post"}],"author":[{"embeddable":true,"href":"https:\/\/www.vef.unizg.hr\/en\/wp-json\/wp\/v2\/users\/37"}],"replies":[{"embeddable":true,"href":"https:\/\/www.vef.unizg.hr\/en\/wp-json\/wp\/v2\/comments?post=12199"}],"version-history":[{"count":1,"href":"https:\/\/www.vef.unizg.hr\/en\/wp-json\/wp\/v2\/posts\/12199\/revisions"}],"predecessor-version":[{"id":12200,"href":"https:\/\/www.vef.unizg.hr\/en\/wp-json\/wp\/v2\/posts\/12199\/revisions\/12200"}],"wp:featuredmedia":[{"embeddable":true,"href":"https:\/\/www.vef.unizg.hr\/en\/wp-json\/wp\/v2\/media\/6355"}],"wp:attachment":[{"href":"https:\/\/www.vef.unizg.hr\/en\/wp-json\/wp\/v2\/media?parent=12199"}],"wp:term":[{"taxonomy":"category","embeddable":true,"href":"https:\/\/www.vef.unizg.hr\/en\/wp-json\/wp\/v2\/categories?post=12199"},{"taxonomy":"post_tag","embeddable":true,"href":"https:\/\/www.vef.unizg.hr\/en\/wp-json\/wp\/v2\/tags?post=12199"}],"curies":[{"name":"wp","href":"https:\/\/api.w.org\/{rel}","templated":true}]}}