{"id":15517,"date":"2021-02-04T10:39:03","date_gmt":"2021-02-04T10:39:03","guid":{"rendered":"https:\/\/www.vef.unizg.hr\/?p=15517"},"modified":"2021-02-04T10:39:03","modified_gmt":"2021-02-04T10:39:03","slug":"auf-eco-appels-regionaux-en-cours-2021","status":"publish","type":"post","link":"https:\/\/www.vef.unizg.hr\/en\/students-office-announcements\/general-news\/auf-eco-appels-regionaux-en-cours-2021\/","title":{"rendered":"AUF ECO, Appels r\u00e9gionaux en cours 2021"},"content":{"rendered":"<p>Mesdames, Messieurs,<\/p>\n<p>Cher-e-s coll\u00e8gues,<\/p>\n<p>J\u2019esp\u00e8re que vous allez bien tous et toutes, en vacances, en cours ou pendant les sessions d\u2019examen. Nous prions de trouver ci-apr\u00e8s une s\u00e9rie d\u2019appels r\u00e9gionaux lanc\u00e9s par l\u2019AUF ECO en d\u00e9but de cette ann\u00e9e 2021, \u00e0 destination des \u00e9tudiants, des enseignants et des \u00e9tablissements francophones\u00a0membres de l\u2019AUF ECO :<\/p>\n<ol>\n<li>Appel r\u00e9gional 2021 \u00ab\u00a0&#8220;Soutien au dispositif de fran\u00e7ais \u00e0 vis\u00e9e professionnelle&#8221; pour des lecteurs\/stagiaires FLE mis en place, soutenus ou cofinanc\u00e9s <a href=\"https:\/\/www.auf.org\/nouvelles\/appels-a-candidatures\/soutien-au-dispotitif-de-francais-visee-professionnelle-appel-manifestation-dinteret-2021\/\">https:\/\/www.auf.org\/nouvelles\/appels-a-candidatures\/soutien-au-dispotitif-de-francais-visee-professionnelle-appel-manifestation-dinteret-2021\/<\/a><\/li>\n<li>Appel r\u00e9gional \u00e0 candidatures pour des allocations de perfectionnement \u00e0 la formation pour les enseignants de fran\u00e7ais\u00a0: <a href=\"https:\/\/www.auf.org\/nouvelles\/appels-a-candidatures\/allocations-de-perfectionnement-la-formation-pour-les-enseignants-de-francais-appel-regional-candidatures-2021\/\">https:\/\/www.auf.org\/nouvelles\/appels-a-candidatures\/allocations-de-perfectionnement-la-formation-pour-les-enseignants-de-francais-appel-regional-candidatures-2021\/<\/a><\/li>\n<li>Appel r\u00e9gional pour des allocations\/mobilit\u00e9s de stage professionnel pour les \u00e9tudiants\u00a0: <a href=\"https:\/\/www.auf.org\/europe-centrale-orientale\/nouvelles\/appels-a-candidatures\/appel-regional-candidatures-2021-mobilites-de-stage-professionnel\/\">https:\/\/www.auf.org\/europe-centrale-orientale\/nouvelles\/appels-a-candidatures\/appel-regional-candidatures-2021-mobilites-de-stage-professionnel\/<\/a><\/li>\n<li>Appel r\u00e9gional pour des projets de recherche et innovation pour les enseignants \u2013 chercheurs\u00a0: <a href=\"https:\/\/www.auf.org\/wp-content\/uploads\/2021\/01\/AUF-ECO_RI_appel_SRI_presentation.pdf\">https:\/\/www.auf.org\/wp-content\/uploads\/2021\/01\/AUF-ECO_RI_appel_SRI_presentation.pdf<\/a><\/li>\n<li>Concours \u00ab\u00a0Ma Th\u00e8se en 180 secondes\u00a0\u00bb pour la Roumanie\u00a0: <a href=\"https:\/\/www.auf.org\/wp-content\/uploads\/2021\/02\/Concours-MT180-2021-Roumanie-Cahier-du-candidat-2.02.2021-verison-finale.pdf?fbclid=IwAR2dzyo0cDBu8hgjMYSV4S1Z7AZfjWz9fyHQbU-PTXmvjGVMsWXMClvhdDA\">https:\/\/www.auf.org\/wp-content\/uploads\/2021\/02\/Concours-MT180-2021-Roumanie-Cahier-du-candidat-2.02.2021-verison-finale.pdf?fbclid=IwAR2dzyo0cDBu8hgjMYSV4S1Z7AZfjWz9fyHQbU-PTXmvjGVMsWXMClvhdDA<\/a><\/li>\n<li>Appel r\u00e9gional pour des projets d\u2019insertion professionnelle\u00a0: <a href=\"https:\/\/www.auf.org\/nouvelles\/appels-a-candidatures\/appel-regional-projets-2021-accompagnement-vers-linsertion\/\">https:\/\/www.auf.org\/nouvelles\/appels-a-candidatures\/appel-regional-projets-2021-accompagnement-vers-linsertion\/<\/a><\/li>\n<\/ol>\n<p>D\u2019autres appels vont suivre sous peu.<\/p>\n<p>Nous vous prions de diffuser ces informations aupr\u00e8s des \u00e9tudiants et des enseignants de vos \u00e9tablissements d\u2019origine, si possible.<\/p>\n<p>Nous restons aussi \u00e0 votre disposition pour plus de renseignements, pr\u00e9sentations, si besoin, et accompagnement dans le montage des projets.<\/p>\n<p>Bien \u00e0 vous,<\/p>\n<p>Liliana<\/p>\n<p>Liliana LUPUSOR<br \/>\nResponsable principale de projets<br \/>\nEurope centrale et orientale<br \/>\n1, Bd. Schitu Magureanu, Mezanine<br \/>\n050025, Secteur 5, Bucarest, Roumanie<br \/>\nT\u00e9l : +40 21 312 12 76 | IP : +40 105<br \/>\nFacebook | Twitter | LinkedIn | YouTube<br \/>\nwww.europe-centrale-orientale.auf.org<\/p>\n","protected":false},"excerpt":{"rendered":"<p>Mesdames, Messieurs, Cher-e-s coll\u00e8gues, J\u2019esp\u00e8re que vous allez bien tous et toutes, en vacances, en cours ou pendant les sessions d\u2019examen. Nous prions de trouver ci-apr\u00e8s une s\u00e9rie d\u2019appels r\u00e9gionaux lanc\u00e9s par l\u2019AUF ECO en d\u00e9but de cette ann\u00e9e 2021, \u00e0 destination des \u00e9tudiants, des enseignants et des \u00e9tablissements francophones\u00a0membres de l\u2019AUF ECO : Appel&#8230;<\/p>\n","protected":false},"author":37,"featured_media":15518,"comment_status":"open","ping_status":"open","sticky":false,"template":"","format":"standard","meta":{"_acf_changed":false,"footnotes":""},"categories":[318,319,322],"tags":[],"class_list":["post-15517","post","type-post","status-publish","format-standard","has-post-thumbnail","hentry","category-general-news","category-scholarships-calls","category-students-office-announcements"],"acf":[],"yoast_head":"<!-- This site is optimized with the Yoast SEO plugin v27.4 - https:\/\/yoast.com\/product\/yoast-seo-wordpress\/ -->\n<title>AUF ECO, Appels r\u00e9gionaux en cours 2021 - Veterinarski fakultet<\/title>\n<meta name=\"robots\" content=\"index, follow, max-snippet:-1, max-image-preview:large, max-video-preview:-1\" \/>\n<link rel=\"canonical\" href=\"https:\/\/www.vef.unizg.hr\/en\/students-office-announcements\/general-news\/auf-eco-appels-regionaux-en-cours-2021\/\" \/>\n<meta property=\"og:locale\" content=\"en_US\" \/>\n<meta property=\"og:type\" content=\"article\" \/>\n<meta property=\"og:title\" content=\"AUF ECO, Appels r\u00e9gionaux en cours 2021 - Veterinarski fakultet\" \/>\n<meta property=\"og:description\" content=\"Mesdames, Messieurs, Cher-e-s coll\u00e8gues, J\u2019esp\u00e8re que vous allez bien tous et toutes, en vacances, en cours ou pendant les sessions d\u2019examen. Nous prions de trouver ci-apr\u00e8s une s\u00e9rie d\u2019appels r\u00e9gionaux lanc\u00e9s par l\u2019AUF ECO en d\u00e9but de cette ann\u00e9e 2021, \u00e0 destination des \u00e9tudiants, des enseignants et des \u00e9tablissements francophones\u00a0membres de l\u2019AUF ECO : Appel...\" \/>\n<meta property=\"og:url\" content=\"https:\/\/www.vef.unizg.hr\/en\/students-office-announcements\/general-news\/auf-eco-appels-regionaux-en-cours-2021\/\" \/>\n<meta property=\"og:site_name\" content=\"Veterinarski fakultet\" \/>\n<meta property=\"article:publisher\" content=\"https:\/\/www.facebook.com\/veterinarski.fakultet.zagreb\/\" \/>\n<meta property=\"article:published_time\" content=\"2021-02-04T10:39:03+00:00\" \/>\n<meta property=\"og:image\" content=\"https:\/\/www.vef.unizg.hr\/wp-content\/uploads\/2021\/02\/Logo_AUF.png\" \/>\n\t<meta property=\"og:image:width\" content=\"601\" \/>\n\t<meta property=\"og:image:height\" content=\"425\" \/>\n\t<meta property=\"og:image:type\" content=\"image\/png\" \/>\n<meta name=\"author\" content=\"pmarko\" \/>\n<meta name=\"twitter:card\" content=\"summary_large_image\" \/>\n<meta name=\"twitter:label1\" content=\"Written by\" \/>\n\t<meta name=\"twitter:data1\" content=\"pmarko\" \/>\n\t<meta name=\"twitter:label2\" content=\"Est. reading time\" \/>\n\t<meta name=\"twitter:data2\" content=\"1 minute\" \/>\n<script type=\"application\/ld+json\" class=\"yoast-schema-graph\">{\"@context\":\"https:\\\/\\\/schema.org\",\"@graph\":[{\"@type\":\"Article\",\"@id\":\"https:\\\/\\\/www.vef.unizg.hr\\\/en\\\/students-office-announcements\\\/general-news\\\/auf-eco-appels-regionaux-en-cours-2021\\\/#article\",\"isPartOf\":{\"@id\":\"https:\\\/\\\/www.vef.unizg.hr\\\/en\\\/students-office-announcements\\\/general-news\\\/auf-eco-appels-regionaux-en-cours-2021\\\/\"},\"author\":{\"name\":\"pmarko\",\"@id\":\"https:\\\/\\\/www.vef.unizg.hr\\\/#\\\/schema\\\/person\\\/8f8bdb2abc3e25535146c3173fba9e68\"},\"headline\":\"AUF ECO, Appels r\u00e9gionaux en cours 2021\",\"datePublished\":\"2021-02-04T10:39:03+00:00\",\"mainEntityOfPage\":{\"@id\":\"https:\\\/\\\/www.vef.unizg.hr\\\/en\\\/students-office-announcements\\\/general-news\\\/auf-eco-appels-regionaux-en-cours-2021\\\/\"},\"wordCount\":301,\"commentCount\":0,\"publisher\":{\"@id\":\"https:\\\/\\\/www.vef.unizg.hr\\\/#organization\"},\"image\":{\"@id\":\"https:\\\/\\\/www.vef.unizg.hr\\\/en\\\/students-office-announcements\\\/general-news\\\/auf-eco-appels-regionaux-en-cours-2021\\\/#primaryimage\"},\"thumbnailUrl\":\"https:\\\/\\\/www.vef.unizg.hr\\\/wp-content\\\/uploads\\\/2021\\\/02\\\/Logo_AUF.png\",\"articleSection\":[\"General News\",\"Scholarships &amp; Calls\",\"Students&#039; office announcements\"],\"inLanguage\":\"en-US\",\"potentialAction\":[{\"@type\":\"CommentAction\",\"name\":\"Comment\",\"target\":[\"https:\\\/\\\/www.vef.unizg.hr\\\/en\\\/students-office-announcements\\\/general-news\\\/auf-eco-appels-regionaux-en-cours-2021\\\/#respond\"]}]},{\"@type\":\"WebPage\",\"@id\":\"https:\\\/\\\/www.vef.unizg.hr\\\/en\\\/students-office-announcements\\\/general-news\\\/auf-eco-appels-regionaux-en-cours-2021\\\/\",\"url\":\"https:\\\/\\\/www.vef.unizg.hr\\\/en\\\/students-office-announcements\\\/general-news\\\/auf-eco-appels-regionaux-en-cours-2021\\\/\",\"name\":\"AUF ECO, Appels r\u00e9gionaux en cours 2021 - Veterinarski fakultet\",\"isPartOf\":{\"@id\":\"https:\\\/\\\/www.vef.unizg.hr\\\/#website\"},\"primaryImageOfPage\":{\"@id\":\"https:\\\/\\\/www.vef.unizg.hr\\\/en\\\/students-office-announcements\\\/general-news\\\/auf-eco-appels-regionaux-en-cours-2021\\\/#primaryimage\"},\"image\":{\"@id\":\"https:\\\/\\\/www.vef.unizg.hr\\\/en\\\/students-office-announcements\\\/general-news\\\/auf-eco-appels-regionaux-en-cours-2021\\\/#primaryimage\"},\"thumbnailUrl\":\"https:\\\/\\\/www.vef.unizg.hr\\\/wp-content\\\/uploads\\\/2021\\\/02\\\/Logo_AUF.png\",\"datePublished\":\"2021-02-04T10:39:03+00:00\",\"breadcrumb\":{\"@id\":\"https:\\\/\\\/www.vef.unizg.hr\\\/en\\\/students-office-announcements\\\/general-news\\\/auf-eco-appels-regionaux-en-cours-2021\\\/#breadcrumb\"},\"inLanguage\":\"en-US\",\"potentialAction\":[{\"@type\":\"ReadAction\",\"target\":[\"https:\\\/\\\/www.vef.unizg.hr\\\/en\\\/students-office-announcements\\\/general-news\\\/auf-eco-appels-regionaux-en-cours-2021\\\/\"]}]},{\"@type\":\"ImageObject\",\"inLanguage\":\"en-US\",\"@id\":\"https:\\\/\\\/www.vef.unizg.hr\\\/en\\\/students-office-announcements\\\/general-news\\\/auf-eco-appels-regionaux-en-cours-2021\\\/#primaryimage\",\"url\":\"https:\\\/\\\/www.vef.unizg.hr\\\/wp-content\\\/uploads\\\/2021\\\/02\\\/Logo_AUF.png\",\"contentUrl\":\"https:\\\/\\\/www.vef.unizg.hr\\\/wp-content\\\/uploads\\\/2021\\\/02\\\/Logo_AUF.png\",\"width\":601,\"height\":425},{\"@type\":\"BreadcrumbList\",\"@id\":\"https:\\\/\\\/www.vef.unizg.hr\\\/en\\\/students-office-announcements\\\/general-news\\\/auf-eco-appels-regionaux-en-cours-2021\\\/#breadcrumb\",\"itemListElement\":[{\"@type\":\"ListItem\",\"position\":1,\"name\":\"Home\",\"item\":\"https:\\\/\\\/www.vef.unizg.hr\\\/en\\\/\"},{\"@type\":\"ListItem\",\"position\":2,\"name\":\"AUF ECO, Appels r\u00e9gionaux en cours 2021\"}]},{\"@type\":\"WebSite\",\"@id\":\"https:\\\/\\\/www.vef.unizg.hr\\\/#website\",\"url\":\"https:\\\/\\\/www.vef.unizg.hr\\\/\",\"name\":\"Veterinarski fakultet\",\"description\":\"Veterinarski fakultet\",\"publisher\":{\"@id\":\"https:\\\/\\\/www.vef.unizg.hr\\\/#organization\"},\"potentialAction\":[{\"@type\":\"SearchAction\",\"target\":{\"@type\":\"EntryPoint\",\"urlTemplate\":\"https:\\\/\\\/www.vef.unizg.hr\\\/?s={search_term_string}\"},\"query-input\":{\"@type\":\"PropertyValueSpecification\",\"valueRequired\":true,\"valueName\":\"search_term_string\"}}],\"inLanguage\":\"en-US\"},{\"@type\":\"Organization\",\"@id\":\"https:\\\/\\\/www.vef.unizg.hr\\\/#organization\",\"name\":\"Veterinarski fakultet\",\"url\":\"https:\\\/\\\/www.vef.unizg.hr\\\/\",\"logo\":{\"@type\":\"ImageObject\",\"inLanguage\":\"en-US\",\"@id\":\"https:\\\/\\\/www.vef.unizg.hr\\\/#\\\/schema\\\/logo\\\/image\\\/\",\"url\":\"https:\\\/\\\/www.vef.unizg.hr\\\/wp-content\\\/uploads\\\/2019\\\/01\\\/vef-logo.png\",\"contentUrl\":\"https:\\\/\\\/www.vef.unizg.hr\\\/wp-content\\\/uploads\\\/2019\\\/01\\\/vef-logo.png\",\"width\":231,\"height\":231,\"caption\":\"Veterinarski fakultet\"},\"image\":{\"@id\":\"https:\\\/\\\/www.vef.unizg.hr\\\/#\\\/schema\\\/logo\\\/image\\\/\"},\"sameAs\":[\"https:\\\/\\\/www.facebook.com\\\/veterinarski.fakultet.zagreb\\\/\",\"https:\\\/\\\/www.instagram.com\\\/vef.unizg\"]},{\"@type\":\"Person\",\"@id\":\"https:\\\/\\\/www.vef.unizg.hr\\\/#\\\/schema\\\/person\\\/8f8bdb2abc3e25535146c3173fba9e68\",\"name\":\"pmarko\",\"image\":{\"@type\":\"ImageObject\",\"inLanguage\":\"en-US\",\"@id\":\"https:\\\/\\\/secure.gravatar.com\\\/avatar\\\/f7aec2cdbbfac96956c97d8dfa4963fd95c356f255fb4d831e37ff941505615c?s=96&d=mm&r=g\",\"url\":\"https:\\\/\\\/secure.gravatar.com\\\/avatar\\\/f7aec2cdbbfac96956c97d8dfa4963fd95c356f255fb4d831e37ff941505615c?s=96&d=mm&r=g\",\"contentUrl\":\"https:\\\/\\\/secure.gravatar.com\\\/avatar\\\/f7aec2cdbbfac96956c97d8dfa4963fd95c356f255fb4d831e37ff941505615c?s=96&d=mm&r=g\",\"caption\":\"pmarko\"}}]}<\/script>\n<!-- \/ Yoast SEO plugin. -->","yoast_head_json":{"title":"AUF ECO, Appels r\u00e9gionaux en cours 2021 - Veterinarski fakultet","robots":{"index":"index","follow":"follow","max-snippet":"max-snippet:-1","max-image-preview":"max-image-preview:large","max-video-preview":"max-video-preview:-1"},"canonical":"https:\/\/www.vef.unizg.hr\/en\/students-office-announcements\/general-news\/auf-eco-appels-regionaux-en-cours-2021\/","og_locale":"en_US","og_type":"article","og_title":"AUF ECO, Appels r\u00e9gionaux en cours 2021 - Veterinarski fakultet","og_description":"Mesdames, Messieurs, Cher-e-s coll\u00e8gues, J\u2019esp\u00e8re que vous allez bien tous et toutes, en vacances, en cours ou pendant les sessions d\u2019examen. Nous prions de trouver ci-apr\u00e8s une s\u00e9rie d\u2019appels r\u00e9gionaux lanc\u00e9s par l\u2019AUF ECO en d\u00e9but de cette ann\u00e9e 2021, \u00e0 destination des \u00e9tudiants, des enseignants et des \u00e9tablissements francophones\u00a0membres de l\u2019AUF ECO : Appel...","og_url":"https:\/\/www.vef.unizg.hr\/en\/students-office-announcements\/general-news\/auf-eco-appels-regionaux-en-cours-2021\/","og_site_name":"Veterinarski fakultet","article_publisher":"https:\/\/www.facebook.com\/veterinarski.fakultet.zagreb\/","article_published_time":"2021-02-04T10:39:03+00:00","og_image":[{"width":601,"height":425,"url":"https:\/\/www.vef.unizg.hr\/wp-content\/uploads\/2021\/02\/Logo_AUF.png","type":"image\/png"}],"author":"pmarko","twitter_card":"summary_large_image","twitter_misc":{"Written by":"pmarko","Est. reading time":"1 minute"},"schema":{"@context":"https:\/\/schema.org","@graph":[{"@type":"Article","@id":"https:\/\/www.vef.unizg.hr\/en\/students-office-announcements\/general-news\/auf-eco-appels-regionaux-en-cours-2021\/#article","isPartOf":{"@id":"https:\/\/www.vef.unizg.hr\/en\/students-office-announcements\/general-news\/auf-eco-appels-regionaux-en-cours-2021\/"},"author":{"name":"pmarko","@id":"https:\/\/www.vef.unizg.hr\/#\/schema\/person\/8f8bdb2abc3e25535146c3173fba9e68"},"headline":"AUF ECO, Appels r\u00e9gionaux en cours 2021","datePublished":"2021-02-04T10:39:03+00:00","mainEntityOfPage":{"@id":"https:\/\/www.vef.unizg.hr\/en\/students-office-announcements\/general-news\/auf-eco-appels-regionaux-en-cours-2021\/"},"wordCount":301,"commentCount":0,"publisher":{"@id":"https:\/\/www.vef.unizg.hr\/#organization"},"image":{"@id":"https:\/\/www.vef.unizg.hr\/en\/students-office-announcements\/general-news\/auf-eco-appels-regionaux-en-cours-2021\/#primaryimage"},"thumbnailUrl":"https:\/\/www.vef.unizg.hr\/wp-content\/uploads\/2021\/02\/Logo_AUF.png","articleSection":["General News","Scholarships &amp; Calls","Students&#039; office announcements"],"inLanguage":"en-US","potentialAction":[{"@type":"CommentAction","name":"Comment","target":["https:\/\/www.vef.unizg.hr\/en\/students-office-announcements\/general-news\/auf-eco-appels-regionaux-en-cours-2021\/#respond"]}]},{"@type":"WebPage","@id":"https:\/\/www.vef.unizg.hr\/en\/students-office-announcements\/general-news\/auf-eco-appels-regionaux-en-cours-2021\/","url":"https:\/\/www.vef.unizg.hr\/en\/students-office-announcements\/general-news\/auf-eco-appels-regionaux-en-cours-2021\/","name":"AUF ECO, Appels r\u00e9gionaux en cours 2021 - Veterinarski fakultet","isPartOf":{"@id":"https:\/\/www.vef.unizg.hr\/#website"},"primaryImageOfPage":{"@id":"https:\/\/www.vef.unizg.hr\/en\/students-office-announcements\/general-news\/auf-eco-appels-regionaux-en-cours-2021\/#primaryimage"},"image":{"@id":"https:\/\/www.vef.unizg.hr\/en\/students-office-announcements\/general-news\/auf-eco-appels-regionaux-en-cours-2021\/#primaryimage"},"thumbnailUrl":"https:\/\/www.vef.unizg.hr\/wp-content\/uploads\/2021\/02\/Logo_AUF.png","datePublished":"2021-02-04T10:39:03+00:00","breadcrumb":{"@id":"https:\/\/www.vef.unizg.hr\/en\/students-office-announcements\/general-news\/auf-eco-appels-regionaux-en-cours-2021\/#breadcrumb"},"inLanguage":"en-US","potentialAction":[{"@type":"ReadAction","target":["https:\/\/www.vef.unizg.hr\/en\/students-office-announcements\/general-news\/auf-eco-appels-regionaux-en-cours-2021\/"]}]},{"@type":"ImageObject","inLanguage":"en-US","@id":"https:\/\/www.vef.unizg.hr\/en\/students-office-announcements\/general-news\/auf-eco-appels-regionaux-en-cours-2021\/#primaryimage","url":"https:\/\/www.vef.unizg.hr\/wp-content\/uploads\/2021\/02\/Logo_AUF.png","contentUrl":"https:\/\/www.vef.unizg.hr\/wp-content\/uploads\/2021\/02\/Logo_AUF.png","width":601,"height":425},{"@type":"BreadcrumbList","@id":"https:\/\/www.vef.unizg.hr\/en\/students-office-announcements\/general-news\/auf-eco-appels-regionaux-en-cours-2021\/#breadcrumb","itemListElement":[{"@type":"ListItem","position":1,"name":"Home","item":"https:\/\/www.vef.unizg.hr\/en\/"},{"@type":"ListItem","position":2,"name":"AUF ECO, Appels r\u00e9gionaux en cours 2021"}]},{"@type":"WebSite","@id":"https:\/\/www.vef.unizg.hr\/#website","url":"https:\/\/www.vef.unizg.hr\/","name":"Veterinarski fakultet","description":"Veterinarski fakultet","publisher":{"@id":"https:\/\/www.vef.unizg.hr\/#organization"},"potentialAction":[{"@type":"SearchAction","target":{"@type":"EntryPoint","urlTemplate":"https:\/\/www.vef.unizg.hr\/?s={search_term_string}"},"query-input":{"@type":"PropertyValueSpecification","valueRequired":true,"valueName":"search_term_string"}}],"inLanguage":"en-US"},{"@type":"Organization","@id":"https:\/\/www.vef.unizg.hr\/#organization","name":"Veterinarski fakultet","url":"https:\/\/www.vef.unizg.hr\/","logo":{"@type":"ImageObject","inLanguage":"en-US","@id":"https:\/\/www.vef.unizg.hr\/#\/schema\/logo\/image\/","url":"https:\/\/www.vef.unizg.hr\/wp-content\/uploads\/2019\/01\/vef-logo.png","contentUrl":"https:\/\/www.vef.unizg.hr\/wp-content\/uploads\/2019\/01\/vef-logo.png","width":231,"height":231,"caption":"Veterinarski fakultet"},"image":{"@id":"https:\/\/www.vef.unizg.hr\/#\/schema\/logo\/image\/"},"sameAs":["https:\/\/www.facebook.com\/veterinarski.fakultet.zagreb\/","https:\/\/www.instagram.com\/vef.unizg"]},{"@type":"Person","@id":"https:\/\/www.vef.unizg.hr\/#\/schema\/person\/8f8bdb2abc3e25535146c3173fba9e68","name":"pmarko","image":{"@type":"ImageObject","inLanguage":"en-US","@id":"https:\/\/secure.gravatar.com\/avatar\/f7aec2cdbbfac96956c97d8dfa4963fd95c356f255fb4d831e37ff941505615c?s=96&d=mm&r=g","url":"https:\/\/secure.gravatar.com\/avatar\/f7aec2cdbbfac96956c97d8dfa4963fd95c356f255fb4d831e37ff941505615c?s=96&d=mm&r=g","contentUrl":"https:\/\/secure.gravatar.com\/avatar\/f7aec2cdbbfac96956c97d8dfa4963fd95c356f255fb4d831e37ff941505615c?s=96&d=mm&r=g","caption":"pmarko"}}]}},"_links":{"self":[{"href":"https:\/\/www.vef.unizg.hr\/en\/wp-json\/wp\/v2\/posts\/15517","targetHints":{"allow":["GET"]}}],"collection":[{"href":"https:\/\/www.vef.unizg.hr\/en\/wp-json\/wp\/v2\/posts"}],"about":[{"href":"https:\/\/www.vef.unizg.hr\/en\/wp-json\/wp\/v2\/types\/post"}],"author":[{"embeddable":true,"href":"https:\/\/www.vef.unizg.hr\/en\/wp-json\/wp\/v2\/users\/37"}],"replies":[{"embeddable":true,"href":"https:\/\/www.vef.unizg.hr\/en\/wp-json\/wp\/v2\/comments?post=15517"}],"version-history":[{"count":1,"href":"https:\/\/www.vef.unizg.hr\/en\/wp-json\/wp\/v2\/posts\/15517\/revisions"}],"predecessor-version":[{"id":15520,"href":"https:\/\/www.vef.unizg.hr\/en\/wp-json\/wp\/v2\/posts\/15517\/revisions\/15520"}],"wp:featuredmedia":[{"embeddable":true,"href":"https:\/\/www.vef.unizg.hr\/en\/wp-json\/wp\/v2\/media\/15518"}],"wp:attachment":[{"href":"https:\/\/www.vef.unizg.hr\/en\/wp-json\/wp\/v2\/media?parent=15517"}],"wp:term":[{"taxonomy":"category","embeddable":true,"href":"https:\/\/www.vef.unizg.hr\/en\/wp-json\/wp\/v2\/categories?post=15517"},{"taxonomy":"post_tag","embeddable":true,"href":"https:\/\/www.vef.unizg.hr\/en\/wp-json\/wp\/v2\/tags?post=15517"}],"curies":[{"name":"wp","href":"https:\/\/api.w.org\/{rel}","templated":true}]}}