{"id":7505,"date":"2019-05-31T09:17:48","date_gmt":"2019-05-31T09:17:48","guid":{"rendered":"https:\/\/www.vef.unizg.hr\/?p=7505"},"modified":"2019-06-03T12:17:02","modified_gmt":"2019-06-03T12:17:02","slug":"32nd-general-assembly-of-the-european-association-of-establishments-for-veterinary-education-eaeve","status":"publish","type":"post","link":"https:\/\/www.vef.unizg.hr\/en\/news-release\/32nd-general-assembly-of-the-european-association-of-establishments-for-veterinary-education-eaeve\/","title":{"rendered":"32nd General Assembly of the EAEVE held in Zagreb"},"content":{"rendered":"<p>First of the two days of the 32<sup>nd<\/sup> EAEVE General Assembly was held in the Concert hall Blagoje Bersa of the new Music Academy in the centre of the city, near the Rector\u2019s Palace.<\/p>\n<div id=\"gridzy-7505p1\" class=\"gridzy gridzyClassic gridzyAnimated\" data-gridzy-options=\"{&quot;desiredElementHeight&quot;:200,&quot;spaceBetweenElements&quot;:1}\" data-gridzy-photoswipe=\"true\"><a href=\"https:\/\/www.vef.unizg.hr\/wp-content\/uploads\/2019\/05\/DSC_0772.jpg\" style=\"border: 0; visibility: hidden; \" data-id=\"7439\" data-size=\"3000x2000\"><img decoding=\"async\" src=\"https:\/\/www.vef.unizg.hr\/wp-content\/uploads\/2019\/05\/DSC_0772-900x600.jpg\" alt=\"\" \/>\r\n<span>President of the EAEVE St\u00e9phane Martinot<\/span>\r\n<\/a><a href=\"https:\/\/www.vef.unizg.hr\/wp-content\/uploads\/2019\/05\/DSC_0818.jpg\" style=\"border: 0; visibility: hidden; \" data-id=\"7445\" data-size=\"3000x2000\"><img decoding=\"async\" src=\"https:\/\/www.vef.unizg.hr\/wp-content\/uploads\/2019\/05\/DSC_0818-900x600.jpg\" alt=\"\" \/>\r\n<span>Participants of the EAEVE GA<\/span>\r\n<\/a><a href=\"https:\/\/www.vef.unizg.hr\/wp-content\/uploads\/2019\/05\/DSC_0723.jpg\" style=\"border: 0; visibility: hidden; \" data-id=\"7437\" data-size=\"3000x2000\"><img decoding=\"async\" src=\"https:\/\/www.vef.unizg.hr\/wp-content\/uploads\/2019\/05\/DSC_0723-900x600.jpg\" alt=\"\" \/>\r\n<span>Executive Committee<\/span>\r\n<\/a><\/div>\n<p>Besides the EAEVE internal issues the Agenda covered the meetings of each EAEVE region and the meeting of establishment members with the President and Director about the European System of Evaluation of Veterinary Training (ESEVT).<\/p>\n<div id=\"gridzy-7505p1-2\" class=\"gridzy gridzyClassic gridzyAnimated\" data-gridzy-options=\"{&quot;desiredElementHeight&quot;:200,&quot;spaceBetweenElements&quot;:1}\" data-gridzy-photoswipe=\"true\"><a href=\"https:\/\/www.vef.unizg.hr\/wp-content\/uploads\/2019\/05\/DSC_0801.jpg\" style=\"border: 0; visibility: hidden; \" data-id=\"7443\" data-size=\"3000x2000\"><img decoding=\"async\" src=\"https:\/\/www.vef.unizg.hr\/wp-content\/uploads\/2019\/05\/DSC_0801-900x600.jpg\" alt=\"\" \/>\r\n<span>President of the EAEVE St\u00e9phane Martinot<\/span>\r\n<\/a><a href=\"https:\/\/www.vef.unizg.hr\/wp-content\/uploads\/2019\/05\/DSC_1066.jpg\" style=\"border: 0; visibility: hidden; \" data-id=\"7506\" data-size=\"3000x2000\"><img decoding=\"async\" src=\"https:\/\/www.vef.unizg.hr\/wp-content\/uploads\/2019\/05\/DSC_1066-900x600.jpg\" alt=\"\" \/>\r\n<span>Vice-Rector Prof Milo\u0161 Juda\u0161, President of the EAEVE St\u00e9phane Martinot and Dean of Faculty of Veterinary Medicine of University of Zagreb Prof Nenad Turk<\/span>\r\n<\/a><a href=\"https:\/\/www.vef.unizg.hr\/wp-content\/uploads\/2019\/05\/DSC_0825.jpg\" style=\"border: 0; visibility: hidden; \" data-id=\"7447\" data-size=\"3000x2000\"><img decoding=\"async\" src=\"https:\/\/www.vef.unizg.hr\/wp-content\/uploads\/2019\/05\/DSC_0825-900x600.jpg\" alt=\"\" \/>\r\n<span>Participants of the EAEVE GA<\/span>\r\n<\/a><\/div>\n","protected":false},"excerpt":{"rendered":"<p>First of the two days of the 32nd EAEVE General Assembly was held in the Concert hall Blagoje Bersa of the new Music Academy in the centre of the city, near the Rector\u2019s Palace. Besides the EAEVE internal issues the Agenda covered the meetings of each EAEVE region and the meeting of establishment members with&#8230;<\/p>\n","protected":false},"author":12,"featured_media":7447,"comment_status":"open","ping_status":"open","sticky":false,"template":"","format":"standard","meta":{"_acf_changed":false,"footnotes":""},"categories":[315],"tags":[],"class_list":["post-7505","post","type-post","status-publish","format-standard","has-post-thumbnail","hentry","category-news-release"],"acf":[],"yoast_head":"<!-- This site is optimized with the Yoast SEO plugin v27.4 - https:\/\/yoast.com\/product\/yoast-seo-wordpress\/ -->\n<title>32nd General Assembly of the EAEVE held in Zagreb - Veterinarski fakultet<\/title>\n<meta name=\"robots\" content=\"index, follow, max-snippet:-1, max-image-preview:large, max-video-preview:-1\" \/>\n<link rel=\"canonical\" href=\"https:\/\/www.vef.unizg.hr\/en\/news-release\/32nd-general-assembly-of-the-european-association-of-establishments-for-veterinary-education-eaeve\/\" \/>\n<meta property=\"og:locale\" content=\"en_US\" \/>\n<meta property=\"og:type\" content=\"article\" \/>\n<meta property=\"og:title\" content=\"32nd General Assembly of the EAEVE held in Zagreb - Veterinarski fakultet\" \/>\n<meta property=\"og:description\" content=\"First of the two days of the 32nd EAEVE General Assembly was held in the Concert hall Blagoje Bersa of the new Music Academy in the centre of the city, near the Rector\u2019s Palace. Besides the EAEVE internal issues the Agenda covered the meetings of each EAEVE region and the meeting of establishment members with...\" \/>\n<meta property=\"og:url\" content=\"https:\/\/www.vef.unizg.hr\/en\/news-release\/32nd-general-assembly-of-the-european-association-of-establishments-for-veterinary-education-eaeve\/\" \/>\n<meta property=\"og:site_name\" content=\"Veterinarski fakultet\" \/>\n<meta property=\"article:publisher\" content=\"https:\/\/www.facebook.com\/veterinarski.fakultet.zagreb\/\" \/>\n<meta property=\"article:published_time\" content=\"2019-05-31T09:17:48+00:00\" \/>\n<meta property=\"article:modified_time\" content=\"2019-06-03T12:17:02+00:00\" \/>\n<meta property=\"og:image\" content=\"https:\/\/www.vef.unizg.hr\/wp-content\/uploads\/2019\/05\/DSC_0825-900x600.jpg\" \/>\n\t<meta property=\"og:image:width\" content=\"900\" \/>\n\t<meta property=\"og:image:height\" content=\"600\" \/>\n\t<meta property=\"og:image:type\" content=\"image\/jpeg\" \/>\n<meta name=\"author\" content=\"\u017deljana Klje\u010danin\" \/>\n<meta name=\"twitter:card\" content=\"summary_large_image\" \/>\n<meta name=\"twitter:label1\" content=\"Written by\" \/>\n\t<meta name=\"twitter:data1\" content=\"\u017deljana Klje\u010danin\" \/>\n<script type=\"application\/ld+json\" class=\"yoast-schema-graph\">{\"@context\":\"https:\\\/\\\/schema.org\",\"@graph\":[{\"@type\":\"Article\",\"@id\":\"https:\\\/\\\/www.vef.unizg.hr\\\/en\\\/news-release\\\/32nd-general-assembly-of-the-european-association-of-establishments-for-veterinary-education-eaeve\\\/#article\",\"isPartOf\":{\"@id\":\"https:\\\/\\\/www.vef.unizg.hr\\\/en\\\/news-release\\\/32nd-general-assembly-of-the-european-association-of-establishments-for-veterinary-education-eaeve\\\/\"},\"author\":{\"name\":\"\u017deljana Klje\u010danin\",\"@id\":\"https:\\\/\\\/www.vef.unizg.hr\\\/#\\\/schema\\\/person\\\/89a72d30bedee69033370b5b936151a3\"},\"headline\":\"32nd General Assembly of the EAEVE held in Zagreb\",\"datePublished\":\"2019-05-31T09:17:48+00:00\",\"dateModified\":\"2019-06-03T12:17:02+00:00\",\"mainEntityOfPage\":{\"@id\":\"https:\\\/\\\/www.vef.unizg.hr\\\/en\\\/news-release\\\/32nd-general-assembly-of-the-european-association-of-establishments-for-veterinary-education-eaeve\\\/\"},\"wordCount\":83,\"commentCount\":0,\"publisher\":{\"@id\":\"https:\\\/\\\/www.vef.unizg.hr\\\/#organization\"},\"image\":{\"@id\":\"https:\\\/\\\/www.vef.unizg.hr\\\/en\\\/news-release\\\/32nd-general-assembly-of-the-european-association-of-establishments-for-veterinary-education-eaeve\\\/#primaryimage\"},\"thumbnailUrl\":\"https:\\\/\\\/www.vef.unizg.hr\\\/wp-content\\\/uploads\\\/2019\\\/05\\\/DSC_0825.jpg\",\"articleSection\":[\"News release\"],\"inLanguage\":\"en-US\",\"potentialAction\":[{\"@type\":\"CommentAction\",\"name\":\"Comment\",\"target\":[\"https:\\\/\\\/www.vef.unizg.hr\\\/en\\\/news-release\\\/32nd-general-assembly-of-the-european-association-of-establishments-for-veterinary-education-eaeve\\\/#respond\"]}]},{\"@type\":\"WebPage\",\"@id\":\"https:\\\/\\\/www.vef.unizg.hr\\\/en\\\/news-release\\\/32nd-general-assembly-of-the-european-association-of-establishments-for-veterinary-education-eaeve\\\/\",\"url\":\"https:\\\/\\\/www.vef.unizg.hr\\\/en\\\/news-release\\\/32nd-general-assembly-of-the-european-association-of-establishments-for-veterinary-education-eaeve\\\/\",\"name\":\"32nd General Assembly of the EAEVE held in Zagreb - Veterinarski fakultet\",\"isPartOf\":{\"@id\":\"https:\\\/\\\/www.vef.unizg.hr\\\/#website\"},\"primaryImageOfPage\":{\"@id\":\"https:\\\/\\\/www.vef.unizg.hr\\\/en\\\/news-release\\\/32nd-general-assembly-of-the-european-association-of-establishments-for-veterinary-education-eaeve\\\/#primaryimage\"},\"image\":{\"@id\":\"https:\\\/\\\/www.vef.unizg.hr\\\/en\\\/news-release\\\/32nd-general-assembly-of-the-european-association-of-establishments-for-veterinary-education-eaeve\\\/#primaryimage\"},\"thumbnailUrl\":\"https:\\\/\\\/www.vef.unizg.hr\\\/wp-content\\\/uploads\\\/2019\\\/05\\\/DSC_0825.jpg\",\"datePublished\":\"2019-05-31T09:17:48+00:00\",\"dateModified\":\"2019-06-03T12:17:02+00:00\",\"breadcrumb\":{\"@id\":\"https:\\\/\\\/www.vef.unizg.hr\\\/en\\\/news-release\\\/32nd-general-assembly-of-the-european-association-of-establishments-for-veterinary-education-eaeve\\\/#breadcrumb\"},\"inLanguage\":\"en-US\",\"potentialAction\":[{\"@type\":\"ReadAction\",\"target\":[\"https:\\\/\\\/www.vef.unizg.hr\\\/en\\\/news-release\\\/32nd-general-assembly-of-the-european-association-of-establishments-for-veterinary-education-eaeve\\\/\"]}]},{\"@type\":\"ImageObject\",\"inLanguage\":\"en-US\",\"@id\":\"https:\\\/\\\/www.vef.unizg.hr\\\/en\\\/news-release\\\/32nd-general-assembly-of-the-european-association-of-establishments-for-veterinary-education-eaeve\\\/#primaryimage\",\"url\":\"https:\\\/\\\/www.vef.unizg.hr\\\/wp-content\\\/uploads\\\/2019\\\/05\\\/DSC_0825.jpg\",\"contentUrl\":\"https:\\\/\\\/www.vef.unizg.hr\\\/wp-content\\\/uploads\\\/2019\\\/05\\\/DSC_0825.jpg\",\"width\":3000,\"height\":2000,\"caption\":\"Participants of the EAEVE GA\"},{\"@type\":\"BreadcrumbList\",\"@id\":\"https:\\\/\\\/www.vef.unizg.hr\\\/en\\\/news-release\\\/32nd-general-assembly-of-the-european-association-of-establishments-for-veterinary-education-eaeve\\\/#breadcrumb\",\"itemListElement\":[{\"@type\":\"ListItem\",\"position\":1,\"name\":\"Home\",\"item\":\"https:\\\/\\\/www.vef.unizg.hr\\\/en\\\/\"},{\"@type\":\"ListItem\",\"position\":2,\"name\":\"32nd General Assembly of the EAEVE held in Zagreb\"}]},{\"@type\":\"WebSite\",\"@id\":\"https:\\\/\\\/www.vef.unizg.hr\\\/#website\",\"url\":\"https:\\\/\\\/www.vef.unizg.hr\\\/\",\"name\":\"Veterinarski fakultet\",\"description\":\"Veterinarski fakultet\",\"publisher\":{\"@id\":\"https:\\\/\\\/www.vef.unizg.hr\\\/#organization\"},\"potentialAction\":[{\"@type\":\"SearchAction\",\"target\":{\"@type\":\"EntryPoint\",\"urlTemplate\":\"https:\\\/\\\/www.vef.unizg.hr\\\/?s={search_term_string}\"},\"query-input\":{\"@type\":\"PropertyValueSpecification\",\"valueRequired\":true,\"valueName\":\"search_term_string\"}}],\"inLanguage\":\"en-US\"},{\"@type\":\"Organization\",\"@id\":\"https:\\\/\\\/www.vef.unizg.hr\\\/#organization\",\"name\":\"Veterinarski fakultet\",\"url\":\"https:\\\/\\\/www.vef.unizg.hr\\\/\",\"logo\":{\"@type\":\"ImageObject\",\"inLanguage\":\"en-US\",\"@id\":\"https:\\\/\\\/www.vef.unizg.hr\\\/#\\\/schema\\\/logo\\\/image\\\/\",\"url\":\"https:\\\/\\\/www.vef.unizg.hr\\\/wp-content\\\/uploads\\\/2019\\\/01\\\/vef-logo.png\",\"contentUrl\":\"https:\\\/\\\/www.vef.unizg.hr\\\/wp-content\\\/uploads\\\/2019\\\/01\\\/vef-logo.png\",\"width\":231,\"height\":231,\"caption\":\"Veterinarski fakultet\"},\"image\":{\"@id\":\"https:\\\/\\\/www.vef.unizg.hr\\\/#\\\/schema\\\/logo\\\/image\\\/\"},\"sameAs\":[\"https:\\\/\\\/www.facebook.com\\\/veterinarski.fakultet.zagreb\\\/\",\"https:\\\/\\\/www.instagram.com\\\/vef.unizg\"]},{\"@type\":\"Person\",\"@id\":\"https:\\\/\\\/www.vef.unizg.hr\\\/#\\\/schema\\\/person\\\/89a72d30bedee69033370b5b936151a3\",\"name\":\"\u017deljana Klje\u010danin\",\"image\":{\"@type\":\"ImageObject\",\"inLanguage\":\"en-US\",\"@id\":\"https:\\\/\\\/secure.gravatar.com\\\/avatar\\\/750e19469ddc2bd288c23415fc1e94c5b6b946854794ae412b22ddfca0aa75d5?s=96&d=mm&r=g\",\"url\":\"https:\\\/\\\/secure.gravatar.com\\\/avatar\\\/750e19469ddc2bd288c23415fc1e94c5b6b946854794ae412b22ddfca0aa75d5?s=96&d=mm&r=g\",\"contentUrl\":\"https:\\\/\\\/secure.gravatar.com\\\/avatar\\\/750e19469ddc2bd288c23415fc1e94c5b6b946854794ae412b22ddfca0aa75d5?s=96&d=mm&r=g\",\"caption\":\"\u017deljana Klje\u010danin\"}}]}<\/script>\n<!-- \/ Yoast SEO plugin. -->","yoast_head_json":{"title":"32nd General Assembly of the EAEVE held in Zagreb - Veterinarski fakultet","robots":{"index":"index","follow":"follow","max-snippet":"max-snippet:-1","max-image-preview":"max-image-preview:large","max-video-preview":"max-video-preview:-1"},"canonical":"https:\/\/www.vef.unizg.hr\/en\/news-release\/32nd-general-assembly-of-the-european-association-of-establishments-for-veterinary-education-eaeve\/","og_locale":"en_US","og_type":"article","og_title":"32nd General Assembly of the EAEVE held in Zagreb - Veterinarski fakultet","og_description":"First of the two days of the 32nd EAEVE General Assembly was held in the Concert hall Blagoje Bersa of the new Music Academy in the centre of the city, near the Rector\u2019s Palace. Besides the EAEVE internal issues the Agenda covered the meetings of each EAEVE region and the meeting of establishment members with...","og_url":"https:\/\/www.vef.unizg.hr\/en\/news-release\/32nd-general-assembly-of-the-european-association-of-establishments-for-veterinary-education-eaeve\/","og_site_name":"Veterinarski fakultet","article_publisher":"https:\/\/www.facebook.com\/veterinarski.fakultet.zagreb\/","article_published_time":"2019-05-31T09:17:48+00:00","article_modified_time":"2019-06-03T12:17:02+00:00","og_image":[{"width":900,"height":600,"url":"https:\/\/www.vef.unizg.hr\/wp-content\/uploads\/2019\/05\/DSC_0825-900x600.jpg","type":"image\/jpeg"}],"author":"\u017deljana Klje\u010danin","twitter_card":"summary_large_image","twitter_misc":{"Written by":"\u017deljana Klje\u010danin"},"schema":{"@context":"https:\/\/schema.org","@graph":[{"@type":"Article","@id":"https:\/\/www.vef.unizg.hr\/en\/news-release\/32nd-general-assembly-of-the-european-association-of-establishments-for-veterinary-education-eaeve\/#article","isPartOf":{"@id":"https:\/\/www.vef.unizg.hr\/en\/news-release\/32nd-general-assembly-of-the-european-association-of-establishments-for-veterinary-education-eaeve\/"},"author":{"name":"\u017deljana Klje\u010danin","@id":"https:\/\/www.vef.unizg.hr\/#\/schema\/person\/89a72d30bedee69033370b5b936151a3"},"headline":"32nd General Assembly of the EAEVE held in Zagreb","datePublished":"2019-05-31T09:17:48+00:00","dateModified":"2019-06-03T12:17:02+00:00","mainEntityOfPage":{"@id":"https:\/\/www.vef.unizg.hr\/en\/news-release\/32nd-general-assembly-of-the-european-association-of-establishments-for-veterinary-education-eaeve\/"},"wordCount":83,"commentCount":0,"publisher":{"@id":"https:\/\/www.vef.unizg.hr\/#organization"},"image":{"@id":"https:\/\/www.vef.unizg.hr\/en\/news-release\/32nd-general-assembly-of-the-european-association-of-establishments-for-veterinary-education-eaeve\/#primaryimage"},"thumbnailUrl":"https:\/\/www.vef.unizg.hr\/wp-content\/uploads\/2019\/05\/DSC_0825.jpg","articleSection":["News release"],"inLanguage":"en-US","potentialAction":[{"@type":"CommentAction","name":"Comment","target":["https:\/\/www.vef.unizg.hr\/en\/news-release\/32nd-general-assembly-of-the-european-association-of-establishments-for-veterinary-education-eaeve\/#respond"]}]},{"@type":"WebPage","@id":"https:\/\/www.vef.unizg.hr\/en\/news-release\/32nd-general-assembly-of-the-european-association-of-establishments-for-veterinary-education-eaeve\/","url":"https:\/\/www.vef.unizg.hr\/en\/news-release\/32nd-general-assembly-of-the-european-association-of-establishments-for-veterinary-education-eaeve\/","name":"32nd General Assembly of the EAEVE held in Zagreb - Veterinarski fakultet","isPartOf":{"@id":"https:\/\/www.vef.unizg.hr\/#website"},"primaryImageOfPage":{"@id":"https:\/\/www.vef.unizg.hr\/en\/news-release\/32nd-general-assembly-of-the-european-association-of-establishments-for-veterinary-education-eaeve\/#primaryimage"},"image":{"@id":"https:\/\/www.vef.unizg.hr\/en\/news-release\/32nd-general-assembly-of-the-european-association-of-establishments-for-veterinary-education-eaeve\/#primaryimage"},"thumbnailUrl":"https:\/\/www.vef.unizg.hr\/wp-content\/uploads\/2019\/05\/DSC_0825.jpg","datePublished":"2019-05-31T09:17:48+00:00","dateModified":"2019-06-03T12:17:02+00:00","breadcrumb":{"@id":"https:\/\/www.vef.unizg.hr\/en\/news-release\/32nd-general-assembly-of-the-european-association-of-establishments-for-veterinary-education-eaeve\/#breadcrumb"},"inLanguage":"en-US","potentialAction":[{"@type":"ReadAction","target":["https:\/\/www.vef.unizg.hr\/en\/news-release\/32nd-general-assembly-of-the-european-association-of-establishments-for-veterinary-education-eaeve\/"]}]},{"@type":"ImageObject","inLanguage":"en-US","@id":"https:\/\/www.vef.unizg.hr\/en\/news-release\/32nd-general-assembly-of-the-european-association-of-establishments-for-veterinary-education-eaeve\/#primaryimage","url":"https:\/\/www.vef.unizg.hr\/wp-content\/uploads\/2019\/05\/DSC_0825.jpg","contentUrl":"https:\/\/www.vef.unizg.hr\/wp-content\/uploads\/2019\/05\/DSC_0825.jpg","width":3000,"height":2000,"caption":"Participants of the EAEVE GA"},{"@type":"BreadcrumbList","@id":"https:\/\/www.vef.unizg.hr\/en\/news-release\/32nd-general-assembly-of-the-european-association-of-establishments-for-veterinary-education-eaeve\/#breadcrumb","itemListElement":[{"@type":"ListItem","position":1,"name":"Home","item":"https:\/\/www.vef.unizg.hr\/en\/"},{"@type":"ListItem","position":2,"name":"32nd General Assembly of the EAEVE held in Zagreb"}]},{"@type":"WebSite","@id":"https:\/\/www.vef.unizg.hr\/#website","url":"https:\/\/www.vef.unizg.hr\/","name":"Veterinarski fakultet","description":"Veterinarski fakultet","publisher":{"@id":"https:\/\/www.vef.unizg.hr\/#organization"},"potentialAction":[{"@type":"SearchAction","target":{"@type":"EntryPoint","urlTemplate":"https:\/\/www.vef.unizg.hr\/?s={search_term_string}"},"query-input":{"@type":"PropertyValueSpecification","valueRequired":true,"valueName":"search_term_string"}}],"inLanguage":"en-US"},{"@type":"Organization","@id":"https:\/\/www.vef.unizg.hr\/#organization","name":"Veterinarski fakultet","url":"https:\/\/www.vef.unizg.hr\/","logo":{"@type":"ImageObject","inLanguage":"en-US","@id":"https:\/\/www.vef.unizg.hr\/#\/schema\/logo\/image\/","url":"https:\/\/www.vef.unizg.hr\/wp-content\/uploads\/2019\/01\/vef-logo.png","contentUrl":"https:\/\/www.vef.unizg.hr\/wp-content\/uploads\/2019\/01\/vef-logo.png","width":231,"height":231,"caption":"Veterinarski fakultet"},"image":{"@id":"https:\/\/www.vef.unizg.hr\/#\/schema\/logo\/image\/"},"sameAs":["https:\/\/www.facebook.com\/veterinarski.fakultet.zagreb\/","https:\/\/www.instagram.com\/vef.unizg"]},{"@type":"Person","@id":"https:\/\/www.vef.unizg.hr\/#\/schema\/person\/89a72d30bedee69033370b5b936151a3","name":"\u017deljana Klje\u010danin","image":{"@type":"ImageObject","inLanguage":"en-US","@id":"https:\/\/secure.gravatar.com\/avatar\/750e19469ddc2bd288c23415fc1e94c5b6b946854794ae412b22ddfca0aa75d5?s=96&d=mm&r=g","url":"https:\/\/secure.gravatar.com\/avatar\/750e19469ddc2bd288c23415fc1e94c5b6b946854794ae412b22ddfca0aa75d5?s=96&d=mm&r=g","contentUrl":"https:\/\/secure.gravatar.com\/avatar\/750e19469ddc2bd288c23415fc1e94c5b6b946854794ae412b22ddfca0aa75d5?s=96&d=mm&r=g","caption":"\u017deljana Klje\u010danin"}}]}},"_links":{"self":[{"href":"https:\/\/www.vef.unizg.hr\/en\/wp-json\/wp\/v2\/posts\/7505","targetHints":{"allow":["GET"]}}],"collection":[{"href":"https:\/\/www.vef.unizg.hr\/en\/wp-json\/wp\/v2\/posts"}],"about":[{"href":"https:\/\/www.vef.unizg.hr\/en\/wp-json\/wp\/v2\/types\/post"}],"author":[{"embeddable":true,"href":"https:\/\/www.vef.unizg.hr\/en\/wp-json\/wp\/v2\/users\/12"}],"replies":[{"embeddable":true,"href":"https:\/\/www.vef.unizg.hr\/en\/wp-json\/wp\/v2\/comments?post=7505"}],"version-history":[{"count":4,"href":"https:\/\/www.vef.unizg.hr\/en\/wp-json\/wp\/v2\/posts\/7505\/revisions"}],"predecessor-version":[{"id":7524,"href":"https:\/\/www.vef.unizg.hr\/en\/wp-json\/wp\/v2\/posts\/7505\/revisions\/7524"}],"wp:featuredmedia":[{"embeddable":true,"href":"https:\/\/www.vef.unizg.hr\/en\/wp-json\/wp\/v2\/media\/7447"}],"wp:attachment":[{"href":"https:\/\/www.vef.unizg.hr\/en\/wp-json\/wp\/v2\/media?parent=7505"}],"wp:term":[{"taxonomy":"category","embeddable":true,"href":"https:\/\/www.vef.unizg.hr\/en\/wp-json\/wp\/v2\/categories?post=7505"},{"taxonomy":"post_tag","embeddable":true,"href":"https:\/\/www.vef.unizg.hr\/en\/wp-json\/wp\/v2\/tags?post=7505"}],"curies":[{"name":"wp","href":"https:\/\/api.w.org\/{rel}","templated":true}]}}