{"id":7582,"date":"2019-06-05T10:51:05","date_gmt":"2019-06-05T10:51:05","guid":{"rendered":"https:\/\/www.vef.unizg.hr\/?p=7582"},"modified":"2019-06-05T11:02:30","modified_gmt":"2019-06-05T11:02:30","slug":"32nd-general-assembly-of-the-european-association-of-establishments-for-veterinary-medicine-eaeve","status":"publish","type":"post","link":"https:\/\/www.vef.unizg.hr\/en\/news-release\/32nd-general-assembly-of-the-european-association-of-establishments-for-veterinary-medicine-eaeve\/","title":{"rendered":"32nd General Assembly of the European Association of Establishments for Veterinary Medicine (EAEVE)"},"content":{"rendered":"<p>The 32<sup>nd<\/sup> General Assembly of the European Association of Establishments for Veterinary Medicine (EAEVE) was held in Zagreb from 29<sup>th<\/sup> May to 1<sup>st<\/sup> June 2019.\u00a0 More than 250 representatives from over 40 countries in Europe and the world took part in the General Assembly (GA).\u00a0 The largest delegations came from Japan, Italy and Spain (more than 20 participants per country), then France, Germany, Portugal and Poland (more than 10 participants per country).\u00a0 Apart from the rectors and deans of most European colleges and faculties, representatives of all the important world and European veterinary associations (WVA, FVE, AVMA, AAVMC, EBVS) also took part in the assembly, as well as delegations from Russia, Ukraine, South Korea, Thailand, Australia and New Zealand. The proud host of this important event was the Veterinary Faculty of the University of Zagreb.\u00a0 This general assembly of EAEVE was the best possible beginning of our celebrations to mark the 100<sup>th<\/sup> anniversary of the foundation of the Faculty and the 350<sup>th<\/sup> anniversary of the University of Zagreb. On the first working day of the assembly, 30<sup>th<\/sup> May, held in the Blagoje Bersa concert hall in the Music Academy, the minutes were adopted of the previous year&#8217;s assembly held in Hannover. The president of EAEVE St\u00e9phane Martinot and the treasurer also presented their annual reports at this session. The most important event for the Veterinary Faculty in Zagreb was the reception of new members onto the executive committee of EAEVE (ExComm), whereby our Dean, Prof. Dr. Sc. \u00a0Nenad Turk was confirmed as the representative of region 7, and with the other newly elected regional representatives, joined the most important management body of EAEVE.<\/p>\n<p>In the evening of the same day, at a gala reception held in the Auditorium of the Office of the Rector of the University of Zagreb, representatives of the academic community and the City of Zagreb welcomed the participants in the 32<sup>nd<\/sup> General Assembly of EAEVE. The rectors and deans of establishments of veterinary education in Europe and the world were greeted by the Vice-Rector of the University of Zagreb, Prof. Dr. Sc.\u00a0 Milo\u0161 Juda\u0161, deputy mayor Dr. Sc.\u00a0 Jelena Pavi\u010di\u0107 Vuki\u010devi\u0107, and the Dean of the Veterinary Faculty in Zagreb, Prof. Dr. Sc.\u00a0 Nenad Turk.<\/p>\n<div id=\"gridzy-7582p1\" class=\"gridzy gridzyClassic gridzyAnimated\" data-gridzy-options=\"{&quot;desiredElementHeight&quot;:200,&quot;spaceBetweenElements&quot;:1}\" data-gridzy-photoswipe=\"true\"><a href=\"https:\/\/www.vef.unizg.hr\/wp-content\/uploads\/2019\/06\/DSC_0801.jpg\" style=\"border: 0; visibility: hidden; \" data-id=\"7548\" data-size=\"3000x2000\"><img decoding=\"async\" src=\"https:\/\/www.vef.unizg.hr\/wp-content\/uploads\/2019\/06\/DSC_0801-900x600.jpg\" alt=\"\" \/>\r\n<span>President of the EAEVE St\u00e9phane Martinot <\/span>\r\n<\/a><a href=\"https:\/\/www.vef.unizg.hr\/wp-content\/uploads\/2019\/06\/DSC_0818.jpg\" style=\"border: 0; visibility: hidden; \" data-id=\"7550\" data-size=\"3000x2000\"><img decoding=\"async\" src=\"https:\/\/www.vef.unizg.hr\/wp-content\/uploads\/2019\/06\/DSC_0818-900x600.jpg\" alt=\"\" \/>\r\n<span>Participants of the GA<\/span>\r\n<\/a><a href=\"https:\/\/www.vef.unizg.hr\/wp-content\/uploads\/2019\/05\/DSC_1069.jpg\" style=\"border: 0; visibility: hidden; \" data-id=\"7480\" data-size=\"3000x2000\"><img decoding=\"async\" src=\"https:\/\/www.vef.unizg.hr\/wp-content\/uploads\/2019\/05\/DSC_1069-900x600.jpg\" alt=\"\" \/>\r\n<span>Vice-Rectors Prof M. Juda\u0161 and Prof M. Hru\u0161kar, Deputy Mayor Dr Jelena Pavi\u010di\u0107 Vuki\u010devi\u0107, Dean of FVMUZ Prof Nenad Turk, President of the EAEVE t\u00e9phane Martinot <\/span>\r\n<\/a><\/div>\n<p>On the second day of the assembly, 31<sup>st<\/sup> May, the participants in the General Assembly gathered in the Large Lecture Hall of the Veterinary Faculty.\u00a0 Those present were greeted by the Dean, Prof.\u00a0 Nenad Turk. The educational programme began with presentations about the new challenges in the education of doctors of veterinary medicine and possibilities for improvement.\u00a0 In addition, 20 posters were presented on the subject of clinical laboratory skills, methods of assessment in veterinary education and application of the 3Rs principle.\u00a0 In the break, a barbecue was organized for lunch.\u00a0 The participants had the opportunity to view an exhibition of paintings of animals studies by the academy artist Bane Milenkovi\u0107, and an exhibition of sculptures of horses by the academy sculptor Hrvoje Duman\u010di\u0107.\u00a0 They could also visit the Reptilomanija+ exhibition of exotic animals, which has been organized for seven years now by students of veterinary medicines. After the working part of the Education Day, in the afternoon the participants at the assembly toured the clinics and institutes of the Veterinary Faculty.<\/p>\n<div id=\"gridzy-7582p1-2\" class=\"gridzy gridzyClassic gridzyAnimated\" data-gridzy-options=\"{&quot;desiredElementHeight&quot;:200,&quot;spaceBetweenElements&quot;:1}\" data-gridzy-photoswipe=\"true\"><a href=\"https:\/\/www.vef.unizg.hr\/wp-content\/uploads\/2019\/06\/20190531_090721.jpg\" style=\"border: 0; visibility: hidden; \" data-id=\"7552\" data-size=\"8944x3552\"><img decoding=\"async\" src=\"https:\/\/www.vef.unizg.hr\/wp-content\/uploads\/2019\/06\/20190531_090721-1200x477.jpg\" alt=\"\" \/>\r\n<span>Educational Day on Faculty of Veterinary Medicine of University of Zagreb<\/span>\r\n<\/a><a href=\"https:\/\/www.vef.unizg.hr\/wp-content\/uploads\/2019\/06\/20190531_104413.jpg\" style=\"border: 0; visibility: hidden; \" data-id=\"7554\" data-size=\"4032x2268\"><img decoding=\"async\" src=\"https:\/\/www.vef.unizg.hr\/wp-content\/uploads\/2019\/06\/20190531_104413-1067x600.jpg\" alt=\"\" \/>\r\n<span>Coffe break and exhibition of paintings of animals studies by the academy artist Bane Milenkovi\u0107<\/span>\r\n<\/a><a href=\"https:\/\/www.vef.unizg.hr\/wp-content\/uploads\/2019\/06\/20190531_103407.jpg\" style=\"border: 0; visibility: hidden; \" data-id=\"7556\" data-size=\"4032x2268\"><img decoding=\"async\" src=\"https:\/\/www.vef.unizg.hr\/wp-content\/uploads\/2019\/06\/20190531_103407-1067x600.jpg\" alt=\"\" \/>\r\n<span>exhibition of sculptures of horses by the academy sculptor Hrvoje Duman\u010di\u0107<\/span>\r\n<\/a><\/div>\n<p>A gala dinner was organized on the same day in the Crystal Ballroom of the Westin Hotel.\u00a0 Towards the end of the dinner, the Veterinary Faculty in Nantes was confirmed as the candidate for organization of the 33<sup>rd<\/sup> EAEVE assembly. It will organize the assembly in 2020.\u00a0 This year&#8217;s host, Dean Prof.\u00a0 Nenad Turk, symbolically handed over the EAEVE standard to the representative of the faculty in Nantes, Prof.\u00a0 Marc Gogny, whereby the official part of the assembly was successfully brought to a close.<\/p>\n<div id=\"gridzy-7582p1-3\" class=\"gridzy gridzyClassic gridzyAnimated\" data-gridzy-options=\"{&quot;desiredElementHeight&quot;:200,&quot;spaceBetweenElements&quot;:1}\" data-gridzy-photoswipe=\"true\"><a href=\"https:\/\/www.vef.unizg.hr\/wp-content\/uploads\/2019\/06\/DSC_2029.jpg\" style=\"border: 0; visibility: hidden; \" data-id=\"7563\" data-size=\"3000x2000\"><img decoding=\"async\" src=\"https:\/\/www.vef.unizg.hr\/wp-content\/uploads\/2019\/06\/DSC_2029-900x600.jpg\" alt=\"\" \/>\r\n<span>Dean Prof. Nenad Turk and president of the EAEVE St\u00e9phane MartinotSt\u00e9phane Martinot <\/span>\r\n<\/a><a href=\"https:\/\/www.vef.unizg.hr\/wp-content\/uploads\/2019\/06\/DSC_1999.jpg\" style=\"border: 0; visibility: hidden; \" data-id=\"7558\" data-size=\"3000x2000\"><img decoding=\"async\" src=\"https:\/\/www.vef.unizg.hr\/wp-content\/uploads\/2019\/06\/DSC_1999-900x600.jpg\" alt=\"\" \/>\r\n<span>Gala dinner in Crystal Ballroom of the Westin Hotel<\/span>\r\n<\/a><a href=\"https:\/\/www.vef.unizg.hr\/wp-content\/uploads\/2019\/06\/DSC_2001.jpg\" style=\"border: 0; visibility: hidden; \" data-id=\"7561\" data-size=\"3000x2000\"><img decoding=\"async\" src=\"https:\/\/www.vef.unizg.hr\/wp-content\/uploads\/2019\/06\/DSC_2001-900x600.jpg\" alt=\"\" \/>\r\n<span>Rector of the University of Zagreb with the participants of the GA<\/span>\r\n<\/a><\/div>\n<p>On Saturday 1<sup>st<\/sup> June an outing was organized to the largest and oldest national park in Croatia, Plitvice Lakes, where the participants in the assembly were able to enjoy the exceptional beauty of the forests and the cascade of 16 lakes.\u00a0 On the return journey they also toured Rastoke, where they were able to admire the plant life and the wealth of water at that tourist destination.\u00a0 Alongside the successful working part of the assembly, our guests from Europe and the world were thereby given the opportunity to get to know some of the most beautiful natural sights in our country.<\/p>\n<p>So, in the year in which the University celebrates its 350<sup>th<\/sup> anniversary, and the Veterinary Faculty the 100<sup>th<\/sup> anniversary of its foundation and work, we hosted all the leading deans and rectors of not only European but also other world institutions, whose work is to educate doctors of veterinary medicine.\u00a0 This historic event, of international importance, was a great commitment and honour for our Faculty. We are proud because we showed ourselves to be good hosts and exemplary organizers, and that we are capable of organizing such a large, world-scale and important meeting just as successfully as countries which have been doing so for many years, with a great deal more experience and support.\u00a0 How much benefit this event will bring to the Faculty, we shall see in the years to come, but it remains for us to rejoice in the fact that we have raised our institution of higher education and science to the level of European and world faculties and colleges of veterinary medicine.<\/p>\n<div id=\"gridzy-7582p1-4\" class=\"gridzy gridzyClassic gridzyAnimated\" data-gridzy-options=\"{&quot;desiredElementHeight&quot;:200,&quot;spaceBetweenElements&quot;:1}\" data-gridzy-photoswipe=\"true\"><a href=\"https:\/\/www.vef.unizg.hr\/wp-content\/uploads\/2019\/06\/DSC_2010.jpg\" style=\"border: 0; visibility: hidden; \" data-id=\"7572\" data-size=\"3000x2000\"><img decoding=\"async\" src=\"https:\/\/www.vef.unizg.hr\/wp-content\/uploads\/2019\/06\/DSC_2010-900x600.jpg\" alt=\"\" \/>\r\n<span>Rector of the University of Zagreb Prof Damir Boras Damir Boras<\/span>\r\n<\/a><a href=\"https:\/\/www.vef.unizg.hr\/wp-content\/uploads\/2019\/06\/DSC_1974.jpg\" style=\"border: 0; visibility: hidden; \" data-id=\"7576\" data-size=\"3000x2000\"><img decoding=\"async\" src=\"https:\/\/www.vef.unizg.hr\/wp-content\/uploads\/2019\/06\/DSC_1974-900x600.jpg\" alt=\"\" \/>\r\n<span>Representatives of the Faculty of Veterinary Medicine of the University of Zagreb<\/span>\r\n<\/a><a href=\"https:\/\/www.vef.unizg.hr\/wp-content\/uploads\/2019\/06\/DSC_2067.jpg\" style=\"border: 0; visibility: hidden; \" data-id=\"7578\" data-size=\"3000x2000\"><img decoding=\"async\" src=\"https:\/\/www.vef.unizg.hr\/wp-content\/uploads\/2019\/06\/DSC_2067-900x600.jpg\" alt=\"\" \/>\r\n<span>Representative of the faculty in Nantes Prof  Marc Gogny Marc Gogny <\/span>\r\n<\/a><\/div>\n","protected":false},"excerpt":{"rendered":"<p>The 32nd General Assembly of the European Association of Establishments for Veterinary Medicine (EAEVE) was held in Zagreb from 29th May to 1st June 2019.\u00a0 More than 250 representatives from over 40 countries in Europe and the world took part in the General Assembly (GA).\u00a0 The largest delegations came from Japan, Italy and Spain (more&#8230;<\/p>\n","protected":false},"author":12,"featured_media":7546,"comment_status":"open","ping_status":"open","sticky":false,"template":"","format":"standard","meta":{"_acf_changed":false,"footnotes":""},"categories":[354,315],"tags":[],"class_list":["post-7582","post","type-post","status-publish","format-standard","has-post-thumbnail","hentry","category-news","category-news-release"],"acf":[],"yoast_head":"<!-- This site is optimized with the Yoast SEO plugin v27.4 - https:\/\/yoast.com\/product\/yoast-seo-wordpress\/ -->\n<title>32nd General Assembly of the European Association of Establishments for Veterinary Medicine (EAEVE) - Veterinarski fakultet<\/title>\n<meta name=\"robots\" content=\"index, follow, max-snippet:-1, max-image-preview:large, max-video-preview:-1\" \/>\n<link rel=\"canonical\" href=\"https:\/\/www.vef.unizg.hr\/en\/news-release\/32nd-general-assembly-of-the-european-association-of-establishments-for-veterinary-medicine-eaeve\/\" \/>\n<meta property=\"og:locale\" content=\"en_US\" \/>\n<meta property=\"og:type\" content=\"article\" \/>\n<meta property=\"og:title\" content=\"32nd General Assembly of the European Association of Establishments for Veterinary Medicine (EAEVE) - Veterinarski fakultet\" \/>\n<meta property=\"og:description\" content=\"The 32nd General Assembly of the European Association of Establishments for Veterinary Medicine (EAEVE) was held in Zagreb from 29th May to 1st June 2019.\u00a0 More than 250 representatives from over 40 countries in Europe and the world took part in the General Assembly (GA).\u00a0 The largest delegations came from Japan, Italy and Spain (more...\" \/>\n<meta property=\"og:url\" content=\"https:\/\/www.vef.unizg.hr\/en\/news-release\/32nd-general-assembly-of-the-european-association-of-establishments-for-veterinary-medicine-eaeve\/\" \/>\n<meta property=\"og:site_name\" content=\"Veterinarski fakultet\" \/>\n<meta property=\"article:publisher\" content=\"https:\/\/www.facebook.com\/veterinarski.fakultet.zagreb\/\" \/>\n<meta property=\"article:published_time\" content=\"2019-06-05T10:51:05+00:00\" \/>\n<meta property=\"article:modified_time\" content=\"2019-06-05T11:02:30+00:00\" \/>\n<meta property=\"og:image\" content=\"https:\/\/www.vef.unizg.hr\/wp-content\/uploads\/2019\/06\/DSC_2063.jpg\" \/>\n\t<meta property=\"og:image:width\" content=\"3000\" \/>\n\t<meta property=\"og:image:height\" content=\"2000\" \/>\n\t<meta property=\"og:image:type\" content=\"image\/jpeg\" \/>\n<meta name=\"author\" content=\"\u017deljana Klje\u010danin\" \/>\n<meta name=\"twitter:card\" content=\"summary_large_image\" \/>\n<meta name=\"twitter:label1\" content=\"Written by\" \/>\n\t<meta name=\"twitter:data1\" content=\"\u017deljana Klje\u010danin\" \/>\n\t<meta name=\"twitter:label2\" content=\"Est. reading time\" \/>\n\t<meta name=\"twitter:data2\" content=\"4 minutes\" \/>\n<script type=\"application\/ld+json\" class=\"yoast-schema-graph\">{\"@context\":\"https:\\\/\\\/schema.org\",\"@graph\":[{\"@type\":\"Article\",\"@id\":\"https:\\\/\\\/www.vef.unizg.hr\\\/en\\\/news-release\\\/32nd-general-assembly-of-the-european-association-of-establishments-for-veterinary-medicine-eaeve\\\/#article\",\"isPartOf\":{\"@id\":\"https:\\\/\\\/www.vef.unizg.hr\\\/en\\\/news-release\\\/32nd-general-assembly-of-the-european-association-of-establishments-for-veterinary-medicine-eaeve\\\/\"},\"author\":{\"name\":\"\u017deljana Klje\u010danin\",\"@id\":\"https:\\\/\\\/www.vef.unizg.hr\\\/#\\\/schema\\\/person\\\/89a72d30bedee69033370b5b936151a3\"},\"headline\":\"32nd General Assembly of the European Association of Establishments for Veterinary Medicine (EAEVE)\",\"datePublished\":\"2019-06-05T10:51:05+00:00\",\"dateModified\":\"2019-06-05T11:02:30+00:00\",\"mainEntityOfPage\":{\"@id\":\"https:\\\/\\\/www.vef.unizg.hr\\\/en\\\/news-release\\\/32nd-general-assembly-of-the-european-association-of-establishments-for-veterinary-medicine-eaeve\\\/\"},\"wordCount\":908,\"commentCount\":0,\"publisher\":{\"@id\":\"https:\\\/\\\/www.vef.unizg.hr\\\/#organization\"},\"image\":{\"@id\":\"https:\\\/\\\/www.vef.unizg.hr\\\/en\\\/news-release\\\/32nd-general-assembly-of-the-european-association-of-establishments-for-veterinary-medicine-eaeve\\\/#primaryimage\"},\"thumbnailUrl\":\"https:\\\/\\\/www.vef.unizg.hr\\\/wp-content\\\/uploads\\\/2019\\\/06\\\/DSC_2063.jpg\",\"articleSection\":[\"News\",\"News release\"],\"inLanguage\":\"en-US\",\"potentialAction\":[{\"@type\":\"CommentAction\",\"name\":\"Comment\",\"target\":[\"https:\\\/\\\/www.vef.unizg.hr\\\/en\\\/news-release\\\/32nd-general-assembly-of-the-european-association-of-establishments-for-veterinary-medicine-eaeve\\\/#respond\"]}]},{\"@type\":\"WebPage\",\"@id\":\"https:\\\/\\\/www.vef.unizg.hr\\\/en\\\/news-release\\\/32nd-general-assembly-of-the-european-association-of-establishments-for-veterinary-medicine-eaeve\\\/\",\"url\":\"https:\\\/\\\/www.vef.unizg.hr\\\/en\\\/news-release\\\/32nd-general-assembly-of-the-european-association-of-establishments-for-veterinary-medicine-eaeve\\\/\",\"name\":\"32nd General Assembly of the European Association of Establishments for Veterinary Medicine (EAEVE) - Veterinarski fakultet\",\"isPartOf\":{\"@id\":\"https:\\\/\\\/www.vef.unizg.hr\\\/#website\"},\"primaryImageOfPage\":{\"@id\":\"https:\\\/\\\/www.vef.unizg.hr\\\/en\\\/news-release\\\/32nd-general-assembly-of-the-european-association-of-establishments-for-veterinary-medicine-eaeve\\\/#primaryimage\"},\"image\":{\"@id\":\"https:\\\/\\\/www.vef.unizg.hr\\\/en\\\/news-release\\\/32nd-general-assembly-of-the-european-association-of-establishments-for-veterinary-medicine-eaeve\\\/#primaryimage\"},\"thumbnailUrl\":\"https:\\\/\\\/www.vef.unizg.hr\\\/wp-content\\\/uploads\\\/2019\\\/06\\\/DSC_2063.jpg\",\"datePublished\":\"2019-06-05T10:51:05+00:00\",\"dateModified\":\"2019-06-05T11:02:30+00:00\",\"breadcrumb\":{\"@id\":\"https:\\\/\\\/www.vef.unizg.hr\\\/en\\\/news-release\\\/32nd-general-assembly-of-the-european-association-of-establishments-for-veterinary-medicine-eaeve\\\/#breadcrumb\"},\"inLanguage\":\"en-US\",\"potentialAction\":[{\"@type\":\"ReadAction\",\"target\":[\"https:\\\/\\\/www.vef.unizg.hr\\\/en\\\/news-release\\\/32nd-general-assembly-of-the-european-association-of-establishments-for-veterinary-medicine-eaeve\\\/\"]}]},{\"@type\":\"ImageObject\",\"inLanguage\":\"en-US\",\"@id\":\"https:\\\/\\\/www.vef.unizg.hr\\\/en\\\/news-release\\\/32nd-general-assembly-of-the-european-association-of-establishments-for-veterinary-medicine-eaeve\\\/#primaryimage\",\"url\":\"https:\\\/\\\/www.vef.unizg.hr\\\/wp-content\\\/uploads\\\/2019\\\/06\\\/DSC_2063.jpg\",\"contentUrl\":\"https:\\\/\\\/www.vef.unizg.hr\\\/wp-content\\\/uploads\\\/2019\\\/06\\\/DSC_2063.jpg\",\"width\":3000,\"height\":2000},{\"@type\":\"BreadcrumbList\",\"@id\":\"https:\\\/\\\/www.vef.unizg.hr\\\/en\\\/news-release\\\/32nd-general-assembly-of-the-european-association-of-establishments-for-veterinary-medicine-eaeve\\\/#breadcrumb\",\"itemListElement\":[{\"@type\":\"ListItem\",\"position\":1,\"name\":\"Home\",\"item\":\"https:\\\/\\\/www.vef.unizg.hr\\\/en\\\/\"},{\"@type\":\"ListItem\",\"position\":2,\"name\":\"32nd General Assembly of the European Association of Establishments for Veterinary Medicine (EAEVE)\"}]},{\"@type\":\"WebSite\",\"@id\":\"https:\\\/\\\/www.vef.unizg.hr\\\/#website\",\"url\":\"https:\\\/\\\/www.vef.unizg.hr\\\/\",\"name\":\"Veterinarski fakultet\",\"description\":\"Veterinarski fakultet\",\"publisher\":{\"@id\":\"https:\\\/\\\/www.vef.unizg.hr\\\/#organization\"},\"potentialAction\":[{\"@type\":\"SearchAction\",\"target\":{\"@type\":\"EntryPoint\",\"urlTemplate\":\"https:\\\/\\\/www.vef.unizg.hr\\\/?s={search_term_string}\"},\"query-input\":{\"@type\":\"PropertyValueSpecification\",\"valueRequired\":true,\"valueName\":\"search_term_string\"}}],\"inLanguage\":\"en-US\"},{\"@type\":\"Organization\",\"@id\":\"https:\\\/\\\/www.vef.unizg.hr\\\/#organization\",\"name\":\"Veterinarski fakultet\",\"url\":\"https:\\\/\\\/www.vef.unizg.hr\\\/\",\"logo\":{\"@type\":\"ImageObject\",\"inLanguage\":\"en-US\",\"@id\":\"https:\\\/\\\/www.vef.unizg.hr\\\/#\\\/schema\\\/logo\\\/image\\\/\",\"url\":\"https:\\\/\\\/www.vef.unizg.hr\\\/wp-content\\\/uploads\\\/2019\\\/01\\\/vef-logo.png\",\"contentUrl\":\"https:\\\/\\\/www.vef.unizg.hr\\\/wp-content\\\/uploads\\\/2019\\\/01\\\/vef-logo.png\",\"width\":231,\"height\":231,\"caption\":\"Veterinarski fakultet\"},\"image\":{\"@id\":\"https:\\\/\\\/www.vef.unizg.hr\\\/#\\\/schema\\\/logo\\\/image\\\/\"},\"sameAs\":[\"https:\\\/\\\/www.facebook.com\\\/veterinarski.fakultet.zagreb\\\/\",\"https:\\\/\\\/www.instagram.com\\\/vef.unizg\"]},{\"@type\":\"Person\",\"@id\":\"https:\\\/\\\/www.vef.unizg.hr\\\/#\\\/schema\\\/person\\\/89a72d30bedee69033370b5b936151a3\",\"name\":\"\u017deljana Klje\u010danin\",\"image\":{\"@type\":\"ImageObject\",\"inLanguage\":\"en-US\",\"@id\":\"https:\\\/\\\/secure.gravatar.com\\\/avatar\\\/750e19469ddc2bd288c23415fc1e94c5b6b946854794ae412b22ddfca0aa75d5?s=96&d=mm&r=g\",\"url\":\"https:\\\/\\\/secure.gravatar.com\\\/avatar\\\/750e19469ddc2bd288c23415fc1e94c5b6b946854794ae412b22ddfca0aa75d5?s=96&d=mm&r=g\",\"contentUrl\":\"https:\\\/\\\/secure.gravatar.com\\\/avatar\\\/750e19469ddc2bd288c23415fc1e94c5b6b946854794ae412b22ddfca0aa75d5?s=96&d=mm&r=g\",\"caption\":\"\u017deljana Klje\u010danin\"}}]}<\/script>\n<!-- \/ Yoast SEO plugin. -->","yoast_head_json":{"title":"32nd General Assembly of the European Association of Establishments for Veterinary Medicine (EAEVE) - Veterinarski fakultet","robots":{"index":"index","follow":"follow","max-snippet":"max-snippet:-1","max-image-preview":"max-image-preview:large","max-video-preview":"max-video-preview:-1"},"canonical":"https:\/\/www.vef.unizg.hr\/en\/news-release\/32nd-general-assembly-of-the-european-association-of-establishments-for-veterinary-medicine-eaeve\/","og_locale":"en_US","og_type":"article","og_title":"32nd General Assembly of the European Association of Establishments for Veterinary Medicine (EAEVE) - Veterinarski fakultet","og_description":"The 32nd General Assembly of the European Association of Establishments for Veterinary Medicine (EAEVE) was held in Zagreb from 29th May to 1st June 2019.\u00a0 More than 250 representatives from over 40 countries in Europe and the world took part in the General Assembly (GA).\u00a0 The largest delegations came from Japan, Italy and Spain (more...","og_url":"https:\/\/www.vef.unizg.hr\/en\/news-release\/32nd-general-assembly-of-the-european-association-of-establishments-for-veterinary-medicine-eaeve\/","og_site_name":"Veterinarski fakultet","article_publisher":"https:\/\/www.facebook.com\/veterinarski.fakultet.zagreb\/","article_published_time":"2019-06-05T10:51:05+00:00","article_modified_time":"2019-06-05T11:02:30+00:00","og_image":[{"width":3000,"height":2000,"url":"https:\/\/www.vef.unizg.hr\/wp-content\/uploads\/2019\/06\/DSC_2063.jpg","type":"image\/jpeg"}],"author":"\u017deljana Klje\u010danin","twitter_card":"summary_large_image","twitter_misc":{"Written by":"\u017deljana Klje\u010danin","Est. reading time":"4 minutes"},"schema":{"@context":"https:\/\/schema.org","@graph":[{"@type":"Article","@id":"https:\/\/www.vef.unizg.hr\/en\/news-release\/32nd-general-assembly-of-the-european-association-of-establishments-for-veterinary-medicine-eaeve\/#article","isPartOf":{"@id":"https:\/\/www.vef.unizg.hr\/en\/news-release\/32nd-general-assembly-of-the-european-association-of-establishments-for-veterinary-medicine-eaeve\/"},"author":{"name":"\u017deljana Klje\u010danin","@id":"https:\/\/www.vef.unizg.hr\/#\/schema\/person\/89a72d30bedee69033370b5b936151a3"},"headline":"32nd General Assembly of the European Association of Establishments for Veterinary Medicine (EAEVE)","datePublished":"2019-06-05T10:51:05+00:00","dateModified":"2019-06-05T11:02:30+00:00","mainEntityOfPage":{"@id":"https:\/\/www.vef.unizg.hr\/en\/news-release\/32nd-general-assembly-of-the-european-association-of-establishments-for-veterinary-medicine-eaeve\/"},"wordCount":908,"commentCount":0,"publisher":{"@id":"https:\/\/www.vef.unizg.hr\/#organization"},"image":{"@id":"https:\/\/www.vef.unizg.hr\/en\/news-release\/32nd-general-assembly-of-the-european-association-of-establishments-for-veterinary-medicine-eaeve\/#primaryimage"},"thumbnailUrl":"https:\/\/www.vef.unizg.hr\/wp-content\/uploads\/2019\/06\/DSC_2063.jpg","articleSection":["News","News release"],"inLanguage":"en-US","potentialAction":[{"@type":"CommentAction","name":"Comment","target":["https:\/\/www.vef.unizg.hr\/en\/news-release\/32nd-general-assembly-of-the-european-association-of-establishments-for-veterinary-medicine-eaeve\/#respond"]}]},{"@type":"WebPage","@id":"https:\/\/www.vef.unizg.hr\/en\/news-release\/32nd-general-assembly-of-the-european-association-of-establishments-for-veterinary-medicine-eaeve\/","url":"https:\/\/www.vef.unizg.hr\/en\/news-release\/32nd-general-assembly-of-the-european-association-of-establishments-for-veterinary-medicine-eaeve\/","name":"32nd General Assembly of the European Association of Establishments for Veterinary Medicine (EAEVE) - Veterinarski fakultet","isPartOf":{"@id":"https:\/\/www.vef.unizg.hr\/#website"},"primaryImageOfPage":{"@id":"https:\/\/www.vef.unizg.hr\/en\/news-release\/32nd-general-assembly-of-the-european-association-of-establishments-for-veterinary-medicine-eaeve\/#primaryimage"},"image":{"@id":"https:\/\/www.vef.unizg.hr\/en\/news-release\/32nd-general-assembly-of-the-european-association-of-establishments-for-veterinary-medicine-eaeve\/#primaryimage"},"thumbnailUrl":"https:\/\/www.vef.unizg.hr\/wp-content\/uploads\/2019\/06\/DSC_2063.jpg","datePublished":"2019-06-05T10:51:05+00:00","dateModified":"2019-06-05T11:02:30+00:00","breadcrumb":{"@id":"https:\/\/www.vef.unizg.hr\/en\/news-release\/32nd-general-assembly-of-the-european-association-of-establishments-for-veterinary-medicine-eaeve\/#breadcrumb"},"inLanguage":"en-US","potentialAction":[{"@type":"ReadAction","target":["https:\/\/www.vef.unizg.hr\/en\/news-release\/32nd-general-assembly-of-the-european-association-of-establishments-for-veterinary-medicine-eaeve\/"]}]},{"@type":"ImageObject","inLanguage":"en-US","@id":"https:\/\/www.vef.unizg.hr\/en\/news-release\/32nd-general-assembly-of-the-european-association-of-establishments-for-veterinary-medicine-eaeve\/#primaryimage","url":"https:\/\/www.vef.unizg.hr\/wp-content\/uploads\/2019\/06\/DSC_2063.jpg","contentUrl":"https:\/\/www.vef.unizg.hr\/wp-content\/uploads\/2019\/06\/DSC_2063.jpg","width":3000,"height":2000},{"@type":"BreadcrumbList","@id":"https:\/\/www.vef.unizg.hr\/en\/news-release\/32nd-general-assembly-of-the-european-association-of-establishments-for-veterinary-medicine-eaeve\/#breadcrumb","itemListElement":[{"@type":"ListItem","position":1,"name":"Home","item":"https:\/\/www.vef.unizg.hr\/en\/"},{"@type":"ListItem","position":2,"name":"32nd General Assembly of the European Association of Establishments for Veterinary Medicine (EAEVE)"}]},{"@type":"WebSite","@id":"https:\/\/www.vef.unizg.hr\/#website","url":"https:\/\/www.vef.unizg.hr\/","name":"Veterinarski fakultet","description":"Veterinarski fakultet","publisher":{"@id":"https:\/\/www.vef.unizg.hr\/#organization"},"potentialAction":[{"@type":"SearchAction","target":{"@type":"EntryPoint","urlTemplate":"https:\/\/www.vef.unizg.hr\/?s={search_term_string}"},"query-input":{"@type":"PropertyValueSpecification","valueRequired":true,"valueName":"search_term_string"}}],"inLanguage":"en-US"},{"@type":"Organization","@id":"https:\/\/www.vef.unizg.hr\/#organization","name":"Veterinarski fakultet","url":"https:\/\/www.vef.unizg.hr\/","logo":{"@type":"ImageObject","inLanguage":"en-US","@id":"https:\/\/www.vef.unizg.hr\/#\/schema\/logo\/image\/","url":"https:\/\/www.vef.unizg.hr\/wp-content\/uploads\/2019\/01\/vef-logo.png","contentUrl":"https:\/\/www.vef.unizg.hr\/wp-content\/uploads\/2019\/01\/vef-logo.png","width":231,"height":231,"caption":"Veterinarski fakultet"},"image":{"@id":"https:\/\/www.vef.unizg.hr\/#\/schema\/logo\/image\/"},"sameAs":["https:\/\/www.facebook.com\/veterinarski.fakultet.zagreb\/","https:\/\/www.instagram.com\/vef.unizg"]},{"@type":"Person","@id":"https:\/\/www.vef.unizg.hr\/#\/schema\/person\/89a72d30bedee69033370b5b936151a3","name":"\u017deljana Klje\u010danin","image":{"@type":"ImageObject","inLanguage":"en-US","@id":"https:\/\/secure.gravatar.com\/avatar\/750e19469ddc2bd288c23415fc1e94c5b6b946854794ae412b22ddfca0aa75d5?s=96&d=mm&r=g","url":"https:\/\/secure.gravatar.com\/avatar\/750e19469ddc2bd288c23415fc1e94c5b6b946854794ae412b22ddfca0aa75d5?s=96&d=mm&r=g","contentUrl":"https:\/\/secure.gravatar.com\/avatar\/750e19469ddc2bd288c23415fc1e94c5b6b946854794ae412b22ddfca0aa75d5?s=96&d=mm&r=g","caption":"\u017deljana Klje\u010danin"}}]}},"_links":{"self":[{"href":"https:\/\/www.vef.unizg.hr\/en\/wp-json\/wp\/v2\/posts\/7582","targetHints":{"allow":["GET"]}}],"collection":[{"href":"https:\/\/www.vef.unizg.hr\/en\/wp-json\/wp\/v2\/posts"}],"about":[{"href":"https:\/\/www.vef.unizg.hr\/en\/wp-json\/wp\/v2\/types\/post"}],"author":[{"embeddable":true,"href":"https:\/\/www.vef.unizg.hr\/en\/wp-json\/wp\/v2\/users\/12"}],"replies":[{"embeddable":true,"href":"https:\/\/www.vef.unizg.hr\/en\/wp-json\/wp\/v2\/comments?post=7582"}],"version-history":[{"count":3,"href":"https:\/\/www.vef.unizg.hr\/en\/wp-json\/wp\/v2\/posts\/7582\/revisions"}],"predecessor-version":[{"id":7588,"href":"https:\/\/www.vef.unizg.hr\/en\/wp-json\/wp\/v2\/posts\/7582\/revisions\/7588"}],"wp:featuredmedia":[{"embeddable":true,"href":"https:\/\/www.vef.unizg.hr\/en\/wp-json\/wp\/v2\/media\/7546"}],"wp:attachment":[{"href":"https:\/\/www.vef.unizg.hr\/en\/wp-json\/wp\/v2\/media?parent=7582"}],"wp:term":[{"taxonomy":"category","embeddable":true,"href":"https:\/\/www.vef.unizg.hr\/en\/wp-json\/wp\/v2\/categories?post=7582"},{"taxonomy":"post_tag","embeddable":true,"href":"https:\/\/www.vef.unizg.hr\/en\/wp-json\/wp\/v2\/tags?post=7582"}],"curies":[{"name":"wp","href":"https:\/\/api.w.org\/{rel}","templated":true}]}}