{"id":7950,"date":"2019-07-22T07:56:45","date_gmt":"2019-07-22T07:56:45","guid":{"rendered":"https:\/\/www.vef.unizg.hr\/?p=7950"},"modified":"2019-07-22T07:56:45","modified_gmt":"2019-07-22T07:56:45","slug":"68th-ivsa-congress-in-croatia","status":"publish","type":"post","link":"https:\/\/www.vef.unizg.hr\/en\/news-release\/events\/68th-ivsa-congress-in-croatia\/","title":{"rendered":"68th IVSA Congress in Croatia"},"content":{"rendered":"<p>In the period from 21st of July to the 1st of August 2019, at the Veterinary Faculty of the University of Zagreb\u00a0 &#8220;68. IVSA Congress 2019 &#8220;will take place. Slogan&#8221; Many vets, one path &#8220;brings together future doctors of veterinary medicine from the whole world with one goal which is to maintain not only animal but also human health.<\/p>\n<p><img loading=\"lazy\" decoding=\"async\" class=\"alignleft size-medium wp-image-7944\" src=\"https:\/\/www.vef.unizg.hr\/wp-content\/uploads\/2019\/07\/52911811_641340822988254_9206246211244261376_n-241x300.png\" alt=\"\" width=\"241\" height=\"300\" srcset=\"https:\/\/www.vef.unizg.hr\/wp-content\/uploads\/2019\/07\/52911811_641340822988254_9206246211244261376_n-241x300.png 241w, https:\/\/www.vef.unizg.hr\/wp-content\/uploads\/2019\/07\/52911811_641340822988254_9206246211244261376_n.png 280w\" sizes=\"auto, (max-width: 241px) 100vw, 241px\" \/>The IVSA Croatia is section of the USVM (Veterinary Medicine Association) and it is a part of global IVSA \u00a0founded in Denmark in 1953. and has since become an integral part of the student life of many veterinary \u00a0students. The IVSA mission at the global level is &#8220;To be in the benefit of animals and people of the world&#8221;, exploiting the knowledge and commitment of veterinary medicine students and above all by encouraging international cooperation.<\/p>\n<p>IVSA Congress is an annual meeting of delegates from different IVSA countries, but is also a scientific and professional congress of veterinary medicine students whose main objective is to improve professional competencies and connectivity &#8221; networking &#8220;at the international level. 150 delegates from over 40 different countries participate in annual IVSA congresses. The Congress is intended for veterinary medicine students from all over the world.<\/p>\n<p>Throughout these days, 150 members of IVSA from around the world will participate in regular GA meetings where they will discuss and endorse global IVSA issues and goals. In addition to the official part of the congress itself, students will visit a large part of Croatia and will visit Vara\u017edin, Trako\u0161\u0107an castle, Krapina, Plitvice Lakes, Karlovac Aquatics, \u0110akovo, Risnjak national park and more. In cooperation with the professors and professionals of the Veterinary Faculty of Zagreb, numerous lectures and workshops will be held, and in this way will introduce future doctors of veterinary medicine to the way in which our faculty works, as well as educate about current problems in the profession.<\/p>\n<p>The organization of the congress was devoted to 16 students of the Faculty of Veterinary Medicine, thus enabling delegates of the whole world to have a rich program for eleven days.<\/p>\n<p><img loading=\"lazy\" decoding=\"async\" class=\"aligncenter size-large wp-image-7946\" src=\"https:\/\/www.vef.unizg.hr\/wp-content\/uploads\/2019\/07\/67173193_367671617284524_3020406579494125568_n-800x600.jpg\" alt=\"\" width=\"800\" height=\"600\" srcset=\"https:\/\/www.vef.unizg.hr\/wp-content\/uploads\/2019\/07\/67173193_367671617284524_3020406579494125568_n-800x600.jpg 800w, https:\/\/www.vef.unizg.hr\/wp-content\/uploads\/2019\/07\/67173193_367671617284524_3020406579494125568_n-400x300.jpg 400w, https:\/\/www.vef.unizg.hr\/wp-content\/uploads\/2019\/07\/67173193_367671617284524_3020406579494125568_n-768x576.jpg 768w, https:\/\/www.vef.unizg.hr\/wp-content\/uploads\/2019\/07\/67173193_367671617284524_3020406579494125568_n.jpg 1440w\" sizes=\"auto, (max-width: 800px) 100vw, 800px\" \/><\/p>\n","protected":false},"excerpt":{"rendered":"<p>In the period from 21st of July to the 1st of August 2019, at the Veterinary Faculty of the University of Zagreb\u00a0 &#8220;68. IVSA Congress 2019 &#8220;will take place. Slogan&#8221; Many vets, one path &#8220;brings together future doctors of veterinary medicine from the whole world with one goal which is to maintain not only animal&#8230;<\/p>\n","protected":false},"author":2,"featured_media":7948,"comment_status":"open","ping_status":"open","sticky":false,"template":"","format":"standard","meta":{"_acf_changed":false,"footnotes":""},"categories":[316],"tags":[],"class_list":["post-7950","post","type-post","status-publish","format-standard","has-post-thumbnail","hentry","category-events"],"acf":[],"yoast_head":"<!-- This site is optimized with the Yoast SEO plugin v27.4 - https:\/\/yoast.com\/product\/yoast-seo-wordpress\/ -->\n<title>68th IVSA Congress in Croatia - Veterinarski fakultet<\/title>\n<meta name=\"robots\" content=\"index, follow, max-snippet:-1, max-image-preview:large, max-video-preview:-1\" \/>\n<link rel=\"canonical\" href=\"https:\/\/www.vef.unizg.hr\/en\/news-release\/events\/68th-ivsa-congress-in-croatia\/\" \/>\n<meta property=\"og:locale\" content=\"en_US\" \/>\n<meta property=\"og:type\" content=\"article\" \/>\n<meta property=\"og:title\" content=\"68th IVSA Congress in Croatia - Veterinarski fakultet\" \/>\n<meta property=\"og:description\" content=\"In the period from 21st of July to the 1st of August 2019, at the Veterinary Faculty of the University of Zagreb\u00a0 &#8220;68. IVSA Congress 2019 &#8220;will take place. Slogan&#8221; Many vets, one path &#8220;brings together future doctors of veterinary medicine from the whole world with one goal which is to maintain not only animal...\" \/>\n<meta property=\"og:url\" content=\"https:\/\/www.vef.unizg.hr\/en\/news-release\/events\/68th-ivsa-congress-in-croatia\/\" \/>\n<meta property=\"og:site_name\" content=\"Veterinarski fakultet\" \/>\n<meta property=\"article:publisher\" content=\"https:\/\/www.facebook.com\/veterinarski.fakultet.zagreb\/\" \/>\n<meta property=\"article:published_time\" content=\"2019-07-22T07:56:45+00:00\" \/>\n<meta property=\"og:image\" content=\"https:\/\/www.vef.unizg.hr\/wp-content\/uploads\/2019\/07\/cover-ivsa-kongres.jpg\" \/>\n\t<meta property=\"og:image:width\" content=\"960\" \/>\n\t<meta property=\"og:image:height\" content=\"540\" \/>\n\t<meta property=\"og:image:type\" content=\"image\/jpeg\" \/>\n<meta name=\"author\" content=\"lada\" \/>\n<meta name=\"twitter:card\" content=\"summary_large_image\" \/>\n<meta name=\"twitter:label1\" content=\"Written by\" \/>\n\t<meta name=\"twitter:data1\" content=\"lada\" \/>\n\t<meta name=\"twitter:label2\" content=\"Est. reading time\" \/>\n\t<meta name=\"twitter:data2\" content=\"2 minutes\" \/>\n<script type=\"application\/ld+json\" class=\"yoast-schema-graph\">{\"@context\":\"https:\\\/\\\/schema.org\",\"@graph\":[{\"@type\":\"Article\",\"@id\":\"https:\\\/\\\/www.vef.unizg.hr\\\/en\\\/news-release\\\/events\\\/68th-ivsa-congress-in-croatia\\\/#article\",\"isPartOf\":{\"@id\":\"https:\\\/\\\/www.vef.unizg.hr\\\/en\\\/news-release\\\/events\\\/68th-ivsa-congress-in-croatia\\\/\"},\"author\":{\"name\":\"lada\",\"@id\":\"https:\\\/\\\/www.vef.unizg.hr\\\/#\\\/schema\\\/person\\\/6598f6cc7f40eeddce5b15ce0082a845\"},\"headline\":\"68th IVSA Congress in Croatia\",\"datePublished\":\"2019-07-22T07:56:45+00:00\",\"mainEntityOfPage\":{\"@id\":\"https:\\\/\\\/www.vef.unizg.hr\\\/en\\\/news-release\\\/events\\\/68th-ivsa-congress-in-croatia\\\/\"},\"wordCount\":340,\"commentCount\":0,\"publisher\":{\"@id\":\"https:\\\/\\\/www.vef.unizg.hr\\\/#organization\"},\"image\":{\"@id\":\"https:\\\/\\\/www.vef.unizg.hr\\\/en\\\/news-release\\\/events\\\/68th-ivsa-congress-in-croatia\\\/#primaryimage\"},\"thumbnailUrl\":\"https:\\\/\\\/www.vef.unizg.hr\\\/wp-content\\\/uploads\\\/2019\\\/07\\\/cover-ivsa-kongres.jpg\",\"articleSection\":[\"Events\"],\"inLanguage\":\"en-US\",\"potentialAction\":[{\"@type\":\"CommentAction\",\"name\":\"Comment\",\"target\":[\"https:\\\/\\\/www.vef.unizg.hr\\\/en\\\/news-release\\\/events\\\/68th-ivsa-congress-in-croatia\\\/#respond\"]}]},{\"@type\":\"WebPage\",\"@id\":\"https:\\\/\\\/www.vef.unizg.hr\\\/en\\\/news-release\\\/events\\\/68th-ivsa-congress-in-croatia\\\/\",\"url\":\"https:\\\/\\\/www.vef.unizg.hr\\\/en\\\/news-release\\\/events\\\/68th-ivsa-congress-in-croatia\\\/\",\"name\":\"68th IVSA Congress in Croatia - Veterinarski fakultet\",\"isPartOf\":{\"@id\":\"https:\\\/\\\/www.vef.unizg.hr\\\/#website\"},\"primaryImageOfPage\":{\"@id\":\"https:\\\/\\\/www.vef.unizg.hr\\\/en\\\/news-release\\\/events\\\/68th-ivsa-congress-in-croatia\\\/#primaryimage\"},\"image\":{\"@id\":\"https:\\\/\\\/www.vef.unizg.hr\\\/en\\\/news-release\\\/events\\\/68th-ivsa-congress-in-croatia\\\/#primaryimage\"},\"thumbnailUrl\":\"https:\\\/\\\/www.vef.unizg.hr\\\/wp-content\\\/uploads\\\/2019\\\/07\\\/cover-ivsa-kongres.jpg\",\"datePublished\":\"2019-07-22T07:56:45+00:00\",\"breadcrumb\":{\"@id\":\"https:\\\/\\\/www.vef.unizg.hr\\\/en\\\/news-release\\\/events\\\/68th-ivsa-congress-in-croatia\\\/#breadcrumb\"},\"inLanguage\":\"en-US\",\"potentialAction\":[{\"@type\":\"ReadAction\",\"target\":[\"https:\\\/\\\/www.vef.unizg.hr\\\/en\\\/news-release\\\/events\\\/68th-ivsa-congress-in-croatia\\\/\"]}]},{\"@type\":\"ImageObject\",\"inLanguage\":\"en-US\",\"@id\":\"https:\\\/\\\/www.vef.unizg.hr\\\/en\\\/news-release\\\/events\\\/68th-ivsa-congress-in-croatia\\\/#primaryimage\",\"url\":\"https:\\\/\\\/www.vef.unizg.hr\\\/wp-content\\\/uploads\\\/2019\\\/07\\\/cover-ivsa-kongres.jpg\",\"contentUrl\":\"https:\\\/\\\/www.vef.unizg.hr\\\/wp-content\\\/uploads\\\/2019\\\/07\\\/cover-ivsa-kongres.jpg\",\"width\":960,\"height\":540},{\"@type\":\"BreadcrumbList\",\"@id\":\"https:\\\/\\\/www.vef.unizg.hr\\\/en\\\/news-release\\\/events\\\/68th-ivsa-congress-in-croatia\\\/#breadcrumb\",\"itemListElement\":[{\"@type\":\"ListItem\",\"position\":1,\"name\":\"Home\",\"item\":\"https:\\\/\\\/www.vef.unizg.hr\\\/en\\\/\"},{\"@type\":\"ListItem\",\"position\":2,\"name\":\"68th IVSA Congress in Croatia\"}]},{\"@type\":\"WebSite\",\"@id\":\"https:\\\/\\\/www.vef.unizg.hr\\\/#website\",\"url\":\"https:\\\/\\\/www.vef.unizg.hr\\\/\",\"name\":\"Veterinarski fakultet\",\"description\":\"Veterinarski fakultet\",\"publisher\":{\"@id\":\"https:\\\/\\\/www.vef.unizg.hr\\\/#organization\"},\"potentialAction\":[{\"@type\":\"SearchAction\",\"target\":{\"@type\":\"EntryPoint\",\"urlTemplate\":\"https:\\\/\\\/www.vef.unizg.hr\\\/?s={search_term_string}\"},\"query-input\":{\"@type\":\"PropertyValueSpecification\",\"valueRequired\":true,\"valueName\":\"search_term_string\"}}],\"inLanguage\":\"en-US\"},{\"@type\":\"Organization\",\"@id\":\"https:\\\/\\\/www.vef.unizg.hr\\\/#organization\",\"name\":\"Veterinarski fakultet\",\"url\":\"https:\\\/\\\/www.vef.unizg.hr\\\/\",\"logo\":{\"@type\":\"ImageObject\",\"inLanguage\":\"en-US\",\"@id\":\"https:\\\/\\\/www.vef.unizg.hr\\\/#\\\/schema\\\/logo\\\/image\\\/\",\"url\":\"https:\\\/\\\/www.vef.unizg.hr\\\/wp-content\\\/uploads\\\/2019\\\/01\\\/vef-logo.png\",\"contentUrl\":\"https:\\\/\\\/www.vef.unizg.hr\\\/wp-content\\\/uploads\\\/2019\\\/01\\\/vef-logo.png\",\"width\":231,\"height\":231,\"caption\":\"Veterinarski fakultet\"},\"image\":{\"@id\":\"https:\\\/\\\/www.vef.unizg.hr\\\/#\\\/schema\\\/logo\\\/image\\\/\"},\"sameAs\":[\"https:\\\/\\\/www.facebook.com\\\/veterinarski.fakultet.zagreb\\\/\",\"https:\\\/\\\/www.instagram.com\\\/vef.unizg\"]},{\"@type\":\"Person\",\"@id\":\"https:\\\/\\\/www.vef.unizg.hr\\\/#\\\/schema\\\/person\\\/6598f6cc7f40eeddce5b15ce0082a845\",\"name\":\"lada\",\"image\":{\"@type\":\"ImageObject\",\"inLanguage\":\"en-US\",\"@id\":\"https:\\\/\\\/secure.gravatar.com\\\/avatar\\\/ef70a74ab274d0a6bc711e7475b366d97d6a0299b070cbf0bb5aa69615c590f7?s=96&d=mm&r=g\",\"url\":\"https:\\\/\\\/secure.gravatar.com\\\/avatar\\\/ef70a74ab274d0a6bc711e7475b366d97d6a0299b070cbf0bb5aa69615c590f7?s=96&d=mm&r=g\",\"contentUrl\":\"https:\\\/\\\/secure.gravatar.com\\\/avatar\\\/ef70a74ab274d0a6bc711e7475b366d97d6a0299b070cbf0bb5aa69615c590f7?s=96&d=mm&r=g\",\"caption\":\"lada\"}}]}<\/script>\n<!-- \/ Yoast SEO plugin. -->","yoast_head_json":{"title":"68th IVSA Congress in Croatia - Veterinarski fakultet","robots":{"index":"index","follow":"follow","max-snippet":"max-snippet:-1","max-image-preview":"max-image-preview:large","max-video-preview":"max-video-preview:-1"},"canonical":"https:\/\/www.vef.unizg.hr\/en\/news-release\/events\/68th-ivsa-congress-in-croatia\/","og_locale":"en_US","og_type":"article","og_title":"68th IVSA Congress in Croatia - Veterinarski fakultet","og_description":"In the period from 21st of July to the 1st of August 2019, at the Veterinary Faculty of the University of Zagreb\u00a0 &#8220;68. IVSA Congress 2019 &#8220;will take place. Slogan&#8221; Many vets, one path &#8220;brings together future doctors of veterinary medicine from the whole world with one goal which is to maintain not only animal...","og_url":"https:\/\/www.vef.unizg.hr\/en\/news-release\/events\/68th-ivsa-congress-in-croatia\/","og_site_name":"Veterinarski fakultet","article_publisher":"https:\/\/www.facebook.com\/veterinarski.fakultet.zagreb\/","article_published_time":"2019-07-22T07:56:45+00:00","og_image":[{"width":960,"height":540,"url":"https:\/\/www.vef.unizg.hr\/wp-content\/uploads\/2019\/07\/cover-ivsa-kongres.jpg","type":"image\/jpeg"}],"author":"lada","twitter_card":"summary_large_image","twitter_misc":{"Written by":"lada","Est. reading time":"2 minutes"},"schema":{"@context":"https:\/\/schema.org","@graph":[{"@type":"Article","@id":"https:\/\/www.vef.unizg.hr\/en\/news-release\/events\/68th-ivsa-congress-in-croatia\/#article","isPartOf":{"@id":"https:\/\/www.vef.unizg.hr\/en\/news-release\/events\/68th-ivsa-congress-in-croatia\/"},"author":{"name":"lada","@id":"https:\/\/www.vef.unizg.hr\/#\/schema\/person\/6598f6cc7f40eeddce5b15ce0082a845"},"headline":"68th IVSA Congress in Croatia","datePublished":"2019-07-22T07:56:45+00:00","mainEntityOfPage":{"@id":"https:\/\/www.vef.unizg.hr\/en\/news-release\/events\/68th-ivsa-congress-in-croatia\/"},"wordCount":340,"commentCount":0,"publisher":{"@id":"https:\/\/www.vef.unizg.hr\/#organization"},"image":{"@id":"https:\/\/www.vef.unizg.hr\/en\/news-release\/events\/68th-ivsa-congress-in-croatia\/#primaryimage"},"thumbnailUrl":"https:\/\/www.vef.unizg.hr\/wp-content\/uploads\/2019\/07\/cover-ivsa-kongres.jpg","articleSection":["Events"],"inLanguage":"en-US","potentialAction":[{"@type":"CommentAction","name":"Comment","target":["https:\/\/www.vef.unizg.hr\/en\/news-release\/events\/68th-ivsa-congress-in-croatia\/#respond"]}]},{"@type":"WebPage","@id":"https:\/\/www.vef.unizg.hr\/en\/news-release\/events\/68th-ivsa-congress-in-croatia\/","url":"https:\/\/www.vef.unizg.hr\/en\/news-release\/events\/68th-ivsa-congress-in-croatia\/","name":"68th IVSA Congress in Croatia - Veterinarski fakultet","isPartOf":{"@id":"https:\/\/www.vef.unizg.hr\/#website"},"primaryImageOfPage":{"@id":"https:\/\/www.vef.unizg.hr\/en\/news-release\/events\/68th-ivsa-congress-in-croatia\/#primaryimage"},"image":{"@id":"https:\/\/www.vef.unizg.hr\/en\/news-release\/events\/68th-ivsa-congress-in-croatia\/#primaryimage"},"thumbnailUrl":"https:\/\/www.vef.unizg.hr\/wp-content\/uploads\/2019\/07\/cover-ivsa-kongres.jpg","datePublished":"2019-07-22T07:56:45+00:00","breadcrumb":{"@id":"https:\/\/www.vef.unizg.hr\/en\/news-release\/events\/68th-ivsa-congress-in-croatia\/#breadcrumb"},"inLanguage":"en-US","potentialAction":[{"@type":"ReadAction","target":["https:\/\/www.vef.unizg.hr\/en\/news-release\/events\/68th-ivsa-congress-in-croatia\/"]}]},{"@type":"ImageObject","inLanguage":"en-US","@id":"https:\/\/www.vef.unizg.hr\/en\/news-release\/events\/68th-ivsa-congress-in-croatia\/#primaryimage","url":"https:\/\/www.vef.unizg.hr\/wp-content\/uploads\/2019\/07\/cover-ivsa-kongres.jpg","contentUrl":"https:\/\/www.vef.unizg.hr\/wp-content\/uploads\/2019\/07\/cover-ivsa-kongres.jpg","width":960,"height":540},{"@type":"BreadcrumbList","@id":"https:\/\/www.vef.unizg.hr\/en\/news-release\/events\/68th-ivsa-congress-in-croatia\/#breadcrumb","itemListElement":[{"@type":"ListItem","position":1,"name":"Home","item":"https:\/\/www.vef.unizg.hr\/en\/"},{"@type":"ListItem","position":2,"name":"68th IVSA Congress in Croatia"}]},{"@type":"WebSite","@id":"https:\/\/www.vef.unizg.hr\/#website","url":"https:\/\/www.vef.unizg.hr\/","name":"Veterinarski fakultet","description":"Veterinarski fakultet","publisher":{"@id":"https:\/\/www.vef.unizg.hr\/#organization"},"potentialAction":[{"@type":"SearchAction","target":{"@type":"EntryPoint","urlTemplate":"https:\/\/www.vef.unizg.hr\/?s={search_term_string}"},"query-input":{"@type":"PropertyValueSpecification","valueRequired":true,"valueName":"search_term_string"}}],"inLanguage":"en-US"},{"@type":"Organization","@id":"https:\/\/www.vef.unizg.hr\/#organization","name":"Veterinarski fakultet","url":"https:\/\/www.vef.unizg.hr\/","logo":{"@type":"ImageObject","inLanguage":"en-US","@id":"https:\/\/www.vef.unizg.hr\/#\/schema\/logo\/image\/","url":"https:\/\/www.vef.unizg.hr\/wp-content\/uploads\/2019\/01\/vef-logo.png","contentUrl":"https:\/\/www.vef.unizg.hr\/wp-content\/uploads\/2019\/01\/vef-logo.png","width":231,"height":231,"caption":"Veterinarski fakultet"},"image":{"@id":"https:\/\/www.vef.unizg.hr\/#\/schema\/logo\/image\/"},"sameAs":["https:\/\/www.facebook.com\/veterinarski.fakultet.zagreb\/","https:\/\/www.instagram.com\/vef.unizg"]},{"@type":"Person","@id":"https:\/\/www.vef.unizg.hr\/#\/schema\/person\/6598f6cc7f40eeddce5b15ce0082a845","name":"lada","image":{"@type":"ImageObject","inLanguage":"en-US","@id":"https:\/\/secure.gravatar.com\/avatar\/ef70a74ab274d0a6bc711e7475b366d97d6a0299b070cbf0bb5aa69615c590f7?s=96&d=mm&r=g","url":"https:\/\/secure.gravatar.com\/avatar\/ef70a74ab274d0a6bc711e7475b366d97d6a0299b070cbf0bb5aa69615c590f7?s=96&d=mm&r=g","contentUrl":"https:\/\/secure.gravatar.com\/avatar\/ef70a74ab274d0a6bc711e7475b366d97d6a0299b070cbf0bb5aa69615c590f7?s=96&d=mm&r=g","caption":"lada"}}]}},"_links":{"self":[{"href":"https:\/\/www.vef.unizg.hr\/en\/wp-json\/wp\/v2\/posts\/7950","targetHints":{"allow":["GET"]}}],"collection":[{"href":"https:\/\/www.vef.unizg.hr\/en\/wp-json\/wp\/v2\/posts"}],"about":[{"href":"https:\/\/www.vef.unizg.hr\/en\/wp-json\/wp\/v2\/types\/post"}],"author":[{"embeddable":true,"href":"https:\/\/www.vef.unizg.hr\/en\/wp-json\/wp\/v2\/users\/2"}],"replies":[{"embeddable":true,"href":"https:\/\/www.vef.unizg.hr\/en\/wp-json\/wp\/v2\/comments?post=7950"}],"version-history":[{"count":1,"href":"https:\/\/www.vef.unizg.hr\/en\/wp-json\/wp\/v2\/posts\/7950\/revisions"}],"predecessor-version":[{"id":7951,"href":"https:\/\/www.vef.unizg.hr\/en\/wp-json\/wp\/v2\/posts\/7950\/revisions\/7951"}],"wp:featuredmedia":[{"embeddable":true,"href":"https:\/\/www.vef.unizg.hr\/en\/wp-json\/wp\/v2\/media\/7948"}],"wp:attachment":[{"href":"https:\/\/www.vef.unizg.hr\/en\/wp-json\/wp\/v2\/media?parent=7950"}],"wp:term":[{"taxonomy":"category","embeddable":true,"href":"https:\/\/www.vef.unizg.hr\/en\/wp-json\/wp\/v2\/categories?post=7950"},{"taxonomy":"post_tag","embeddable":true,"href":"https:\/\/www.vef.unizg.hr\/en\/wp-json\/wp\/v2\/tags?post=7950"}],"curies":[{"name":"wp","href":"https:\/\/api.w.org\/{rel}","templated":true}]}}